{"id":14994,"date":"2025-01-28T11:28:20","date_gmt":"2025-01-28T10:28:20","guid":{"rendered":"https:\/\/baxcompany.com\/?p=14994"},"modified":"2025-01-28T11:28:21","modified_gmt":"2025-01-28T10:28:21","slug":"bax-se-situa-a-la-vanguardia-de-la-innovacion-urbana-impulsada-por-los-retos-con-la-asociacion-dut","status":"publish","type":"post","link":"https:\/\/baxcompany.com\/es\/bax-se-situa-a-la-vanguardia-de-la-innovacion-urbana-impulsada-por-los-retos-con-la-asociacion-dut\/","title":{"rendered":"Bax se sit\u00faa a la vanguardia de la innovaci\u00f3n urbana impulsada por los retos con la asociaci\u00f3n DUT"},"content":{"rendered":"\t\t<div data-elementor-type=\"wp-post\" data-elementor-id=\"14994\" class=\"elementor elementor-14994 elementor-14990\" data-elementor-post-type=\"post\">\n\t\t\t\t<div class=\"elementor-element elementor-element-0722f7a e-flex e-con-boxed e-con e-parent\" data-id=\"0722f7a\" data-element_type=\"container\" data-e-type=\"container\">\n\t\t\t\t\t<div class=\"e-con-inner\">\n\t\t\t\t<div class=\"elementor-element elementor-element-ebb1f54 elementor-widget elementor-widget-text-editor\" data-id=\"ebb1f54\" data-element_type=\"widget\" data-e-type=\"widget\" data-widget_type=\"text-editor.default\">\n\t\t\t\t<div class=\"elementor-widget-container\">\n\t\t\t\t\t\t\t\t\t<p>Bax ha confirmado recientemente su compromiso con el progreso del futuro urbano sostenible de Europa con el lanzamiento de una colaboraci\u00f3n de cuatro a\u00f1os con la Asociaci\u00f3n Driving Urban Transitions (DUT).<\/p>\n\t\t\t\t\t\t\t\t<\/div>\n\t\t\t\t<\/div>\n\t\t\t\t\t<\/div>\n\t\t\t\t<\/div>\n\t\t<div class=\"elementor-element elementor-element-9ccb0a4 e-flex e-con-boxed e-con e-parent\" data-id=\"9ccb0a4\" data-element_type=\"container\" data-e-type=\"container\">\n\t\t\t\t\t<div class=\"e-con-inner\">\n\t\t\t\t<div class=\"elementor-element elementor-element-d303a3a elementor-widget elementor-widget-text-editor\" data-id=\"d303a3a\" data-element_type=\"widget\" data-e-type=\"widget\" data-widget_type=\"text-editor.default\">\n\t\t\t\t<div class=\"elementor-widget-container\">\n\t\t\t\t\t\t\t\t\t<p>La Asociaci\u00f3n DUT es un programa intergubernamental de investigaci\u00f3n e innovaci\u00f3n que apoya los tan necesarios procesos de transformaci\u00f3n urbana en toda Europa. Su objetivo es reforzar las capacidades y las herramientas para hacer realidad el cambio urbano e impulsar las transformaciones hacia ciudades clim\u00e1ticamente neutras, habitables e integradoras. DUT es una asociaci\u00f3n p\u00fablico-p\u00fablica, cofinanciada por 28 pa\u00edses europeos y la Comisi\u00f3n Europea en el marco de Horizonte Europa. Es un consorcio con m\u00e1s de 65 financiadores nacionales y regionales de I+I, autoridades, agencias de pol\u00edtica urbana, organizaciones de investigaci\u00f3n y otras organizaciones como socios estrat\u00e9gicos. La Asociaci\u00f3n se ha comprometido a abordar los retos de la sostenibilidad urbana y a contribuir a la misi\u00f3n europea de ciudades clim\u00e1ticamente neutras, al Pacto Verde Europeo y a la Agenda Urbana para la UE.    <\/p>\n<p>Con la mayor\u00eda de los europeos viviendo y trabajando en zonas urbanas, la transici\u00f3n hacia una sociedad urbana sostenible es ahora m\u00e1s relevante que nunca, y la movilidad, la energ\u00eda y el uso de los recursos y entornos naturales se consideran factores clave en esta transici\u00f3n.<\/p>\n<p>El contrato marco permitir\u00e1 a Bax proporcionar apoyo experto en el desarrollo estrat\u00e9gico de las tres V\u00edas de Transici\u00f3n (VT) clave de DUT durante los pr\u00f3ximos cuatro a\u00f1os mediante la realizaci\u00f3n de cuatro tareas b\u00e1sicas. Con un equipo de 9 expertos de 8 pa\u00edses europeos, Bax apoyar\u00e1 a DUT con: <\/p>\n<ul>\n<li>Estado del arte y desarrollo estrat\u00e9gico de los TP<\/li>\n<li>Aprovechamiento de las sinergias en las conexiones cruzadas entre los PT<\/li>\n<li>Exploraci\u00f3n de oportunidades de cooperaci\u00f3n con iniciativas vecinas<\/li>\n<li>Facilitaci\u00f3n de la asimilaci\u00f3n de la colaboraci\u00f3n entre la ciencia y la pol\u00edtica y la pr\u00e1ctica<\/li>\n<\/ul>\n<p>Trabajar junto a la Asociaci\u00f3n DUT permitir\u00e1 a Bax seguir ampliando su presencia en las innovaciones que apoyan las transiciones en los entornos urbanos, con varias iniciativas en curso en \u00e1mbitos como la log\u00edstica urbana, la movilidad urbana, los sistemas energ\u00e9ticos urbanos, la ecologizaci\u00f3n urbana, la salud y la planificaci\u00f3n urbana.<\/p>\n<p>A nivel de empresa, la colaboraci\u00f3n con DUT har\u00e1 que distintos equipos de Bax trabajen juntos en los elementos espec\u00edficos de las transiciones urbanas, lo que ofrece la oportunidad de combinar la experiencia en estos temas y apoyar la agenda de investigaci\u00f3n e innovaci\u00f3n para las ciudades de toda Europa.<\/p>\n\t\t\t\t\t\t\t\t<\/div>\n\t\t\t\t<\/div>\n\t\t\t\t\t<\/div>\n\t\t\t\t<\/div>\n\t\t<div class=\"elementor-element elementor-element-75c0db62 e-flex e-con-boxed e-con e-parent\" data-id=\"75c0db62\" data-element_type=\"container\" data-e-type=\"container\">\n\t\t\t\t\t<div class=\"e-con-inner\">\n\t\t<div class=\"elementor-element elementor-element-82ce372 e-con-full e-flex e-con e-child\" data-id=\"82ce372\" data-element_type=\"container\" data-e-type=\"container\" data-settings=\"{&quot;background_background&quot;:&quot;classic&quot;}\">\n\t\t\t\t<div class=\"elementor-element elementor-element-570037c elementor-widget__width-initial elementor-widget elementor-widget-text-editor\" data-id=\"570037c\" data-element_type=\"widget\" data-e-type=\"widget\" data-widget_type=\"text-editor.default\">\n\t\t\t\t<div class=\"elementor-widget-container\">\n\t\t\t\t\t\t\t\t\t<p>Haber sido seleccionados como expertos para apoyar a la asociaci\u00f3n que enmarca la investigaci\u00f3n y la innovaci\u00f3n en temas urbanos en Europa, es un reflejo de nuestro crecimiento como empresa y de nuestra influencia en toda la regi\u00f3n, lo que nos permite combinar nuestros equipos y trabajar juntos para impulsar las transiciones urbanas.<\/p>\n\t\t\t\t\t\t\t\t<\/div>\n\t\t\t\t<\/div>\n\t\t\t\t<div class=\"elementor-element elementor-element-14778d27 elementor-widget__width-initial elementor-widget elementor-widget-text-editor\" data-id=\"14778d27\" data-element_type=\"widget\" data-e-type=\"widget\" data-widget_type=\"text-editor.default\">\n\t\t\t\t<div class=\"elementor-widget-container\">\n\t\t\t\t\t\t\t\t\t<p>&#8211; Sebastiaan van Herk, Director General de Bax<\/p>\n\t\t\t\t\t\t\t\t<\/div>\n\t\t\t\t<\/div>\n\t\t\t\t<\/div>\n\t\t\t\t\t<\/div>\n\t\t\t\t<\/div>\n\t\t<div class=\"elementor-element elementor-element-520e560 e-flex e-con-boxed e-con e-parent\" data-id=\"520e560\" data-element_type=\"container\" data-e-type=\"container\">\n\t\t\t\t\t<div class=\"e-con-inner\">\n\t\t\t\t<div data-dce-text-color=\"#00B398\" class=\"elementor-element elementor-element-2daa0a4 elementor-widget elementor-widget-text-editor\" data-id=\"2daa0a4\" data-element_type=\"widget\" data-e-type=\"widget\" data-widget_type=\"text-editor.default\">\n\t\t\t\t<div class=\"elementor-widget-container\">\n\t\t\t\t\t\t\t\t\t<p><strong>Durante los pr\u00f3ximos cuatro a\u00f1os, Bax ayudar\u00e1 a DUT a impulsar las transiciones urbanas mediante el desarrollo de tres V\u00edas de Transici\u00f3n (VT) clave:<\/strong><\/p>\n\t\t\t\t\t\t\t\t<\/div>\n\t\t\t\t<\/div>\n\t\t\t\t\t<\/div>\n\t\t\t\t<\/div>\n\t\t<div class=\"elementor-element elementor-element-ac2ab0d e-flex e-con-boxed e-con e-parent\" data-id=\"ac2ab0d\" data-element_type=\"container\" data-e-type=\"container\">\n\t\t\t\t\t<div class=\"e-con-inner\">\n\t\t\t\t<div data-dce-text-color=\"#00B398\" class=\"elementor-element elementor-element-1449a36 elementor-widget elementor-widget-text-editor\" data-id=\"1449a36\" data-element_type=\"widget\" data-e-type=\"widget\" data-widget_type=\"text-editor.default\">\n\t\t\t\t<div class=\"elementor-widget-container\">\n\t\t\t\t\t\t\t\t\t<p>Econom\u00edas Urbanas Circulares<\/p>\n\t\t\t\t\t\t\t\t<\/div>\n\t\t\t\t<\/div>\n\t\t\t\t<div class=\"elementor-element elementor-element-fd5e4af elementor-widget elementor-widget-text-editor\" data-id=\"fd5e4af\" data-element_type=\"widget\" data-e-type=\"widget\" data-widget_type=\"text-editor.default\">\n\t\t\t\t<div class=\"elementor-widget-container\">\n\t\t\t\t\t\t\t\t\t<p>La Senda de Transici\u00f3n de las Econom\u00edas Urbanas Circulares tiene como objetivo apoyar la planificaci\u00f3n y el dise\u00f1o de espacios urbanos inclusivos sostenidos por flujos de recursos circulares y urbanismo regenerativo. Esta PT fomenta una multitud de herramientas y enfoques que combinan esfuerzos para aumentar la eficiencia de los recursos urbanos y la habitabilidad de las ciudades. Por ejemplo, las actividades de este PT se centrar\u00e1n en soluciones basadas en la naturaleza, entornos construidos circulares, enfoques de recursos compartidos y sistemas alimentarios urbanos, \u00e1mbitos en los que Bax ya est\u00e1 presente en toda Europa.  <\/p>\n\t\t\t\t\t\t\t\t<\/div>\n\t\t\t\t<\/div>\n\t\t\t\t\t<\/div>\n\t\t\t\t<\/div>\n\t\t<div class=\"elementor-element elementor-element-b24ee8a e-flex e-con-boxed e-con e-parent\" data-id=\"b24ee8a\" data-element_type=\"container\" data-e-type=\"container\">\n\t\t\t\t\t<div class=\"e-con-inner\">\n\t\t<div class=\"elementor-element elementor-element-787c03f e-con-full e-flex e-con e-child\" data-id=\"787c03f\" data-element_type=\"container\" data-e-type=\"container\" data-settings=\"{&quot;background_background&quot;:&quot;classic&quot;}\">\n\t\t\t\t<div class=\"elementor-element elementor-element-8524709 elementor-widget__width-initial elementor-widget elementor-widget-text-editor\" data-id=\"8524709\" data-element_type=\"widget\" data-e-type=\"widget\" data-widget_type=\"text-editor.default\">\n\t\t\t\t<div class=\"elementor-widget-container\">\n\t\t\t\t\t\t\t\t\t<p>El PT sobre Econom\u00edas Urbanas Circulares refleja muy bien nuestros componentes clave para una ciudad habitable. Nuestro trabajo en esta PT nos permite combinar nuestra experiencia en distintos campos, como los flujos de recursos circulares y compartidos, las pol\u00edticas y modelos empresariales de econom\u00eda circular, y las estrategias de ecologizaci\u00f3n urbana, clima y biodiversidad, en un concepto hol\u00edstico. Esta colaboraci\u00f3n presenta una oportunidad apasionante para abordar estos temas a escala de sistema, m\u00e1s all\u00e1 de los proyectos.  <\/p>\n\t\t\t\t\t\t\t\t<\/div>\n\t\t\t\t<\/div>\n\t\t\t\t<div class=\"elementor-element elementor-element-3cb3cf8 elementor-widget__width-initial elementor-widget elementor-widget-text-editor\" data-id=\"3cb3cf8\" data-element_type=\"widget\" data-e-type=\"widget\" data-widget_type=\"text-editor.default\">\n\t\t\t\t<div class=\"elementor-widget-container\">\n\t\t\t\t\t\t\t\t\t<p>&#8211; Camilla Sandberg, Consultora de Innovaci\u00f3n en Ciudades Habitables<\/p>\n\t\t\t\t\t\t\t\t<\/div>\n\t\t\t\t<\/div>\n\t\t\t\t<\/div>\n\t\t\t\t\t<\/div>\n\t\t\t\t<\/div>\n\t\t<div class=\"elementor-element elementor-element-491a951 e-flex e-con-boxed e-con e-parent\" data-id=\"491a951\" data-element_type=\"container\" data-e-type=\"container\">\n\t\t\t\t\t<div class=\"e-con-inner\">\n\t\t\t\t<div class=\"elementor-element elementor-element-845f2f7 dce_masking-none elementor-widget elementor-widget-image\" data-id=\"845f2f7\" data-element_type=\"widget\" data-e-type=\"widget\" data-widget_type=\"image.default\">\n\t\t\t\t<div class=\"elementor-widget-container\">\n\t\t\t\t\t\t\t\t\t\t\t\t\t\t\t<img fetchpriority=\"high\" decoding=\"async\" width=\"949\" height=\"603\" src=\"https:\/\/baxcompany.com\/wp-content\/uploads\/2024\/05\/insights-03.jpg\" class=\"attachment-full size-full wp-image-8361\" alt=\"\" srcset=\"https:\/\/baxcompany.com\/wp-content\/uploads\/2024\/05\/insights-03.jpg 949w, https:\/\/baxcompany.com\/wp-content\/uploads\/2024\/05\/insights-03-300x191.jpg 300w, https:\/\/baxcompany.com\/wp-content\/uploads\/2024\/05\/insights-03-768x488.jpg 768w\" sizes=\"(max-width: 949px) 100vw, 949px\" \/>\t\t\t\t\t\t\t\t\t\t\t\t\t\t\t<\/div>\n\t\t\t\t<\/div>\n\t\t\t\t<div data-dce-text-color=\"#00B398\" class=\"elementor-element elementor-element-3bef31f elementor-widget elementor-widget-text-editor\" data-id=\"3bef31f\" data-element_type=\"widget\" data-e-type=\"widget\" data-widget_type=\"text-editor.default\">\n\t\t\t\t<div class=\"elementor-widget-container\">\n\t\t\t\t\t\t\t\t\t<p>Distritos de energ\u00eda positiva<\/p>\n\t\t\t\t\t\t\t\t<\/div>\n\t\t\t\t<\/div>\n\t\t\t\t<div class=\"elementor-element elementor-element-a17363a elementor-widget elementor-widget-text-editor\" data-id=\"a17363a\" data-element_type=\"widget\" data-e-type=\"widget\" data-widget_type=\"text-editor.default\">\n\t\t\t\t<div class=\"elementor-widget-container\">\n\t\t\t\t\t\t\t\t\t<p>La V\u00eda de Transici\u00f3n de los Distritos de Energ\u00eda Positiva pretende desarrollar soluciones innovadoras para la planificaci\u00f3n, la implantaci\u00f3n a gran escala y la reproducci\u00f3n de los PED en toda Europa. Los PED son zonas urbanas energ\u00e9ticamente eficientes y flexibles que generan cero emisiones netas a la vez que gestionan energ\u00edas renovables. A medida que avanzamos hacia ciudades clim\u00e1ticamente neutras, el PT de Distritos de Energ\u00eda Positiva dise\u00f1a y demuestra soluciones en las que trabajan la mayor\u00eda de los urbanistas: manzanas o barrios. M\u00e1s all\u00e1 de dise\u00f1ar una zona cohesionada en la que vivir y trabajar, a\u00f1ade sistemas energ\u00e9ticos locales adaptables en los que la generaci\u00f3n y el almacenamiento de energ\u00eda se comparten entre edificios de forma inteligente. Aporta innovaciones en los \u00e1mbitos de las TIC, la gobernanza y los modelos empresariales, incluidas las empresas sociales.    <\/p>\n\t\t\t\t\t\t\t\t<\/div>\n\t\t\t\t<\/div>\n\t\t\t\t\t<\/div>\n\t\t\t\t<\/div>\n\t\t<div class=\"elementor-element elementor-element-c14d251 e-flex e-con-boxed e-con e-parent\" data-id=\"c14d251\" data-element_type=\"container\" data-e-type=\"container\">\n\t\t\t\t\t<div class=\"e-con-inner\">\n\t\t<div class=\"elementor-element elementor-element-bd69eff e-con-full e-flex e-con e-child\" data-id=\"bd69eff\" data-element_type=\"container\" data-e-type=\"container\" data-settings=\"{&quot;background_background&quot;:&quot;classic&quot;}\">\n\t\t\t\t<div class=\"elementor-element elementor-element-3b3df68 elementor-widget__width-initial elementor-widget elementor-widget-text-editor\" data-id=\"3b3df68\" data-element_type=\"widget\" data-e-type=\"widget\" data-widget_type=\"text-editor.default\">\n\t\t\t\t<div class=\"elementor-widget-container\">\n\t\t\t\t\t\t\t\t\t<p>Generar y compartir energ\u00eda entre distritos tiene mucho sentido. Para las familias y las empresas, la energ\u00eda es un gasto importante. M\u00e1s all\u00e1 de ser sostenibles, los Distritos de Energ\u00eda Positiva crean una v\u00eda para que las personas y las comunidades posean activos energ\u00e9ticos que reduzcan significativamente su gasto, o incluso generen ingresos. Es una oportunidad para generar riqueza comunitaria del orden de cientos de miles de millones de euros, con un impacto tangible en todos los barrios de Europa, sean ricos o no.   <\/p>\n\t\t\t\t\t\t\t\t<\/div>\n\t\t\t\t<\/div>\n\t\t\t\t<div class=\"elementor-element elementor-element-73b8cfe elementor-widget__width-initial elementor-widget elementor-widget-text-editor\" data-id=\"73b8cfe\" data-element_type=\"widget\" data-e-type=\"widget\" data-widget_type=\"text-editor.default\">\n\t\t\t\t<div class=\"elementor-widget-container\">\n\t\t\t\t\t\t\t\t\t<p>&#8211; Rolf Bastiaanssen, Director de Crecimiento y Responsable de Energ\u00eda<\/p>\n\t\t\t\t\t\t\t\t<\/div>\n\t\t\t\t<\/div>\n\t\t\t\t<\/div>\n\t\t\t\t\t<\/div>\n\t\t\t\t<\/div>\n\t\t<div class=\"elementor-element elementor-element-f148307 e-flex e-con-boxed e-con e-parent\" data-id=\"f148307\" data-element_type=\"container\" data-e-type=\"container\">\n\t\t\t\t\t<div class=\"e-con-inner\">\n\t\t\t\t<div data-dce-text-color=\"#00B398\" class=\"elementor-element elementor-element-7d201f5 elementor-widget elementor-widget-text-editor\" data-id=\"7d201f5\" data-element_type=\"widget\" data-e-type=\"widget\" data-widget_type=\"text-editor.default\">\n\t\t\t\t<div class=\"elementor-widget-container\">\n\t\t\t\t\t\t\t\t\t<p>Ciudad de 15 minutos<\/p>\n\t\t\t\t\t\t\t\t<\/div>\n\t\t\t\t<\/div>\n\t\t\t\t<div class=\"elementor-element elementor-element-e78cfed elementor-widget elementor-widget-text-editor\" data-id=\"e78cfed\" data-element_type=\"widget\" data-e-type=\"widget\" data-widget_type=\"text-editor.default\">\n\t\t\t\t<div class=\"elementor-widget-container\">\n\t\t\t\t\t\t\t\t\t<p>La Ruta de Transici\u00f3n a la Ciudad de 15 minutos conecta medidas de <a href=\"https:\/\/baxcompany.com\/es\/bax-abre-una-nueva-oficina-en-bruselas-2\/\">movilidad<\/a>, log\u00edstica, espacio p\u00fablico y planificaci\u00f3n para promover barrios habitables y ciudades clim\u00e1ticamente neutras. En Bax trabajamos y participamos en varios temas relacionados con la forma en que las personas se mueven en las zonas urbanas, como la movilidad activa, la log\u00edstica urbana, la movilidad inclusiva y compartida, y la aceleraci\u00f3n del v\u00ednculo entre planificaci\u00f3n urbana y salud. Trabajar con la Asociaci\u00f3n Driving Urban Transitions y la V\u00eda de Transici\u00f3n a las ciudades en 15 minutos garantiza que nos situemos en el n\u00facleo del desarrollo puntero del concepto, tanto en lo que se refiere a proyectos de investigaci\u00f3n e innovaci\u00f3n como a la aplicaci\u00f3n f\u00edsica de las mejores pr\u00e1cticas.  <\/p>\n\t\t\t\t\t\t\t\t<\/div>\n\t\t\t\t<\/div>\n\t\t\t\t\t<\/div>\n\t\t\t\t<\/div>\n\t\t<div class=\"elementor-element elementor-element-1caeb8c e-flex e-con-boxed e-con e-parent\" data-id=\"1caeb8c\" data-element_type=\"container\" data-e-type=\"container\">\n\t\t\t\t\t<div class=\"e-con-inner\">\n\t\t<div class=\"elementor-element elementor-element-3ca0cc4 e-con-full e-flex e-con e-child\" data-id=\"3ca0cc4\" data-element_type=\"container\" data-e-type=\"container\" data-settings=\"{&quot;background_background&quot;:&quot;classic&quot;}\">\n\t\t\t\t<div class=\"elementor-element elementor-element-206db20 elementor-widget__width-initial elementor-widget elementor-widget-text-editor\" data-id=\"206db20\" data-element_type=\"widget\" data-e-type=\"widget\" data-widget_type=\"text-editor.default\">\n\t\t\t\t<div class=\"elementor-widget-container\">\n\t\t\t\t\t\t\t\t\t<p>Todav\u00eda hay muchos retos y preguntas en torno al concepto de ciudad de 15 minutos, por lo que es emocionante trabajar con una asociaci\u00f3n que financia la experimentaci\u00f3n en este \u00e1mbito y tener la oportunidad de participar en su desarrollo e impacto.<\/p>\n\t\t\t\t\t\t\t\t<\/div>\n\t\t\t\t<\/div>\n\t\t\t\t<div class=\"elementor-element elementor-element-d152e39 elementor-widget__width-initial elementor-widget elementor-widget-text-editor\" data-id=\"d152e39\" data-element_type=\"widget\" data-e-type=\"widget\" data-widget_type=\"text-editor.default\">\n\t\t\t\t<div class=\"elementor-widget-container\">\n\t\t\t\t\t\t\t\t\t<p>&#8211; Juliette Tenart, Consultora de Innovaci\u00f3n en Movilidad Activa<\/p>\n\t\t\t\t\t\t\t\t<\/div>\n\t\t\t\t<\/div>\n\t\t\t\t<\/div>\n\t\t\t\t\t<\/div>\n\t\t\t\t<\/div>\n\t\t<div class=\"elementor-element elementor-element-dd5145b e-flex e-con-boxed e-con e-parent\" data-id=\"dd5145b\" data-element_type=\"container\" data-e-type=\"container\">\n\t\t\t\t\t<div class=\"e-con-inner\">\n\t\t\t\t<div class=\"elementor-element elementor-element-cca8f0a elementor-widget elementor-widget-text-editor\" data-id=\"cca8f0a\" data-element_type=\"widget\" data-e-type=\"widget\" data-widget_type=\"text-editor.default\">\n\t\t\t\t<div class=\"elementor-widget-container\">\n\t\t\t\t\t\t\t\t\t<p>Nuestra participaci\u00f3n en esta colaboraci\u00f3n pone de relieve una vez m\u00e1s nuestro compromiso con la aplicaci\u00f3n de innovaciones sociales en toda Europa. Al centrarnos en las Econom\u00edas Urbanas Circulares, los Distritos de Energ\u00eda Positiva y las V\u00edas de Transici\u00f3n a Ciudades de 15 minutos, estamos bien posicionados para hacer contribuciones sustanciales a la innovaci\u00f3n y la transformaci\u00f3n urbanas a lo largo de los pr\u00f3ximos cuatro a\u00f1os y m\u00e1s all\u00e1. Estamos deseando aprovechar nuestra experiencia para apoyar a DUT en la creaci\u00f3n de entornos urbanos m\u00e1s eficientes, inclusivos y sostenibles. Esta colaboraci\u00f3n contribuir\u00e1 significativamente al desarrollo sostenible de las ciudades de toda Europa, sentando en \u00faltima instancia las bases de un futuro urbano m\u00e1s resistente.   <\/p>\n\t\t\t\t\t\t\t\t<\/div>\n\t\t\t\t<\/div>\n\t\t\t\t<div class=\"elementor-element elementor-element-a13e026 dce_masking-none elementor-widget elementor-widget-image\" data-id=\"a13e026\" data-element_type=\"widget\" data-e-type=\"widget\" data-widget_type=\"image.default\">\n\t\t\t\t<div class=\"elementor-widget-container\">\n\t\t\t\t\t\t\t\t\t\t\t\t\t\t\t<img decoding=\"async\" width=\"2560\" height=\"1708\" src=\"https:\/\/baxcompany.com\/wp-content\/uploads\/2024\/07\/DUT-meeting-scaled.jpg\" class=\"attachment-full size-full wp-image-9816\" alt=\"\" srcset=\"https:\/\/baxcompany.com\/wp-content\/uploads\/2024\/07\/DUT-meeting-scaled.jpg 2560w, https:\/\/baxcompany.com\/wp-content\/uploads\/2024\/07\/DUT-meeting-300x200.jpg 300w, https:\/\/baxcompany.com\/wp-content\/uploads\/2024\/07\/DUT-meeting-1024x683.jpg 1024w, https:\/\/baxcompany.com\/wp-content\/uploads\/2024\/07\/DUT-meeting-768x512.jpg 768w, https:\/\/baxcompany.com\/wp-content\/uploads\/2024\/07\/DUT-meeting-1536x1025.jpg 1536w, https:\/\/baxcompany.com\/wp-content\/uploads\/2024\/07\/DUT-meeting-2048x1366.jpg 2048w\" sizes=\"(max-width: 2560px) 100vw, 2560px\" \/>\t\t\t\t\t\t\t\t\t\t\t\t\t\t\t<\/div>\n\t\t\t\t<\/div>\n\t\t\t\t\t<\/div>\n\t\t\t\t<\/div>\n\t\t<div class=\"elementor-element elementor-element-e5b22b3 e-flex e-con-boxed e-con e-parent\" data-id=\"e5b22b3\" data-element_type=\"container\" data-e-type=\"container\">\n\t\t\t\t\t<div class=\"e-con-inner\">\n\t\t\t\t<div data-dce-text-color=\"#00B398\" class=\"elementor-element elementor-element-6abb165 elementor-widget elementor-widget-text-editor\" data-id=\"6abb165\" data-element_type=\"widget\" data-e-type=\"widget\" data-widget_type=\"text-editor.default\">\n\t\t\t\t<div class=\"elementor-widget-container\">\n\t\t\t\t\t\t\t\t\t<p>M\u00e1s informaci\u00f3n sobre la Asociaci\u00f3n Impulsar las Transiciones Urbanas<\/p>\n\t\t\t\t\t\t\t\t<\/div>\n\t\t\t\t<\/div>\n\t\t\t\t<div class=\"elementor-element elementor-element-7c96719 elementor-widget elementor-widget-text-editor\" data-id=\"7c96719\" data-element_type=\"widget\" data-e-type=\"widget\" data-widget_type=\"text-editor.default\">\n\t\t\t\t<div class=\"elementor-widget-container\">\n\t\t\t\t\t\t\t\t\t<p>Para m\u00e1s informaci\u00f3n, visita el sitio web oficial: <a href=\"https:\/\/dutpartnership.eu\/\">https:\/\/dutpartnership.eu\/<\/a><\/p>\n\t\t\t\t\t\t\t\t<\/div>\n\t\t\t\t<\/div>\n\t\t\t\t\t<\/div>\n\t\t\t\t<\/div>\n\t\t\t\t<\/div>\n\t\t","protected":false},"excerpt":{"rendered":"<p>Bax ha confirmado recientemente su compromiso con el progreso del futuro urbano sostenible de Europa con el lanzamiento de una colaboraci\u00f3n de cuatro a\u00f1os con la Asociaci\u00f3n Driving Urban Transitions (DUT). La Asociaci\u00f3n DUT es un programa intergubernamental de investigaci\u00f3n e innovaci\u00f3n que apoya los tan necesarios procesos de transformaci\u00f3n urbana en toda Europa. Su [&hellip;]<\/p>\n","protected":false},"author":4,"featured_media":15004,"comment_status":"closed","ping_status":"closed","sticky":false,"template":"","format":"standard","meta":{"_acf_changed":false,"_monsterinsights_skip_tracking":false,"_monsterinsights_sitenote_active":false,"_monsterinsights_sitenote_note":"","_monsterinsights_sitenote_category":0,"_jetpack_memberships_contains_paid_content":false,"footnotes":""},"categories":[141,85],"tags":[391],"class_list":["post-14994","post","type-post","status-publish","format-standard","has-post-thumbnail","hentry","category-perspectivas","category-sin-categorizar","tag-naturaleza"],"acf":[],"yoast_head":"<!-- This site is optimized with the Yoast SEO plugin v27.4 - https:\/\/yoast.com\/product\/yoast-seo-wordpress\/ -->\n<title>Bax se sit\u00faa a la vanguardia de la innovaci\u00f3n urbana impulsada por los retos con la asociaci\u00f3n DUT - Bax<\/title>\n<meta name=\"description\" content=\"Bax ha confirmado recientemente su compromiso con el progreso del futuro urbano sostenible de Europa con el lanzamiento de una colaboraci\u00f3n de cuatro a\u00f1os con la Asociaci\u00f3n Driving Urban Transitions (DUT).\" \/>\n<meta name=\"robots\" content=\"index, follow, max-snippet:-1, max-image-preview:large, max-video-preview:-1\" \/>\n<link rel=\"canonical\" href=\"https:\/\/baxcompany.com\/es\/bax-se-situa-a-la-vanguardia-de-la-innovacion-urbana-impulsada-por-los-retos-con-la-asociacion-dut\/\" \/>\n<meta property=\"og:locale\" content=\"es_ES\" \/>\n<meta property=\"og:type\" content=\"article\" \/>\n<meta property=\"og:title\" content=\"Bax se sit\u00faa a la vanguardia de la innovaci\u00f3n urbana impulsada por los retos con la asociaci\u00f3n DUT - Bax\" \/>\n<meta property=\"og:description\" content=\"Bax ha confirmado recientemente su compromiso con el progreso del futuro urbano sostenible de Europa con el lanzamiento de una colaboraci\u00f3n de cuatro a\u00f1os con la Asociaci\u00f3n Driving Urban Transitions (DUT).\" \/>\n<meta property=\"og:url\" content=\"https:\/\/baxcompany.com\/es\/bax-se-situa-a-la-vanguardia-de-la-innovacion-urbana-impulsada-por-los-retos-con-la-asociacion-dut\/\" \/>\n<meta property=\"og:site_name\" content=\"Bax\" \/>\n<meta property=\"article:published_time\" content=\"2025-01-28T10:28:20+00:00\" \/>\n<meta property=\"article:modified_time\" content=\"2025-01-28T10:28:21+00:00\" \/>\n<meta property=\"og:image\" content=\"https:\/\/baxcompany.com\/wp-content\/uploads\/2025\/01\/Screenshot-2025-01-28-at-10.59.16-1-1024x575.png\" \/>\n\t<meta property=\"og:image:width\" content=\"1024\" \/>\n\t<meta property=\"og:image:height\" content=\"575\" \/>\n\t<meta property=\"og:image:type\" content=\"image\/png\" \/>\n<meta name=\"author\" content=\"Amy McCready\" \/>\n<meta name=\"twitter:card\" content=\"summary_large_image\" \/>\n<meta name=\"twitter:label1\" content=\"Escrito por\" \/>\n\t<meta name=\"twitter:data1\" content=\"Amy McCready\" \/>\n\t<meta name=\"twitter:label2\" content=\"Tiempo de lectura\" \/>\n\t<meta name=\"twitter:data2\" content=\"7 minutos\" \/>\n<script type=\"application\/ld+json\" class=\"yoast-schema-graph\">{\"@context\":\"https:\\\/\\\/schema.org\",\"@graph\":[{\"@type\":\"Article\",\"@id\":\"https:\\\/\\\/baxcompany.com\\\/es\\\/bax-se-situa-a-la-vanguardia-de-la-innovacion-urbana-impulsada-por-los-retos-con-la-asociacion-dut\\\/#article\",\"isPartOf\":{\"@id\":\"https:\\\/\\\/baxcompany.com\\\/es\\\/bax-se-situa-a-la-vanguardia-de-la-innovacion-urbana-impulsada-por-los-retos-con-la-asociacion-dut\\\/\"},\"author\":{\"name\":\"Amy McCready\",\"@id\":\"https:\\\/\\\/baxcompany.com\\\/es\\\/#\\\/schema\\\/person\\\/700b0fea733ef875bcfc2688a1e841d3\"},\"headline\":\"Bax se sit\u00faa a la vanguardia de la innovaci\u00f3n urbana impulsada por los retos con la asociaci\u00f3n DUT\",\"datePublished\":\"2025-01-28T10:28:20+00:00\",\"dateModified\":\"2025-01-28T10:28:21+00:00\",\"mainEntityOfPage\":{\"@id\":\"https:\\\/\\\/baxcompany.com\\\/es\\\/bax-se-situa-a-la-vanguardia-de-la-innovacion-urbana-impulsada-por-los-retos-con-la-asociacion-dut\\\/\"},\"wordCount\":1372,\"publisher\":{\"@id\":\"https:\\\/\\\/baxcompany.com\\\/es\\\/#organization\"},\"image\":{\"@id\":\"https:\\\/\\\/baxcompany.com\\\/es\\\/bax-se-situa-a-la-vanguardia-de-la-innovacion-urbana-impulsada-por-los-retos-con-la-asociacion-dut\\\/#primaryimage\"},\"thumbnailUrl\":\"https:\\\/\\\/baxcompany.com\\\/wp-content\\\/uploads\\\/2025\\\/01\\\/Screenshot-2025-01-28-at-10.59.16-1.png\",\"keywords\":[\"Naturaleza\"],\"articleSection\":[\"Perspectivas\",\"Sin categorizar\"],\"inLanguage\":\"es\"},{\"@type\":\"WebPage\",\"@id\":\"https:\\\/\\\/baxcompany.com\\\/es\\\/bax-se-situa-a-la-vanguardia-de-la-innovacion-urbana-impulsada-por-los-retos-con-la-asociacion-dut\\\/\",\"url\":\"https:\\\/\\\/baxcompany.com\\\/es\\\/bax-se-situa-a-la-vanguardia-de-la-innovacion-urbana-impulsada-por-los-retos-con-la-asociacion-dut\\\/\",\"name\":\"Bax se sit\u00faa a la vanguardia de la innovaci\u00f3n urbana impulsada por los retos con la asociaci\u00f3n DUT - Bax\",\"isPartOf\":{\"@id\":\"https:\\\/\\\/baxcompany.com\\\/es\\\/#website\"},\"primaryImageOfPage\":{\"@id\":\"https:\\\/\\\/baxcompany.com\\\/es\\\/bax-se-situa-a-la-vanguardia-de-la-innovacion-urbana-impulsada-por-los-retos-con-la-asociacion-dut\\\/#primaryimage\"},\"image\":{\"@id\":\"https:\\\/\\\/baxcompany.com\\\/es\\\/bax-se-situa-a-la-vanguardia-de-la-innovacion-urbana-impulsada-por-los-retos-con-la-asociacion-dut\\\/#primaryimage\"},\"thumbnailUrl\":\"https:\\\/\\\/baxcompany.com\\\/wp-content\\\/uploads\\\/2025\\\/01\\\/Screenshot-2025-01-28-at-10.59.16-1.png\",\"datePublished\":\"2025-01-28T10:28:20+00:00\",\"dateModified\":\"2025-01-28T10:28:21+00:00\",\"description\":\"Bax ha confirmado recientemente su compromiso con el progreso del futuro urbano sostenible de Europa con el lanzamiento de una colaboraci\u00f3n de cuatro a\u00f1os con la Asociaci\u00f3n Driving Urban Transitions (DUT).\",\"breadcrumb\":{\"@id\":\"https:\\\/\\\/baxcompany.com\\\/es\\\/bax-se-situa-a-la-vanguardia-de-la-innovacion-urbana-impulsada-por-los-retos-con-la-asociacion-dut\\\/#breadcrumb\"},\"inLanguage\":\"es\",\"potentialAction\":[{\"@type\":\"ReadAction\",\"target\":[\"https:\\\/\\\/baxcompany.com\\\/es\\\/bax-se-situa-a-la-vanguardia-de-la-innovacion-urbana-impulsada-por-los-retos-con-la-asociacion-dut\\\/\"]}]},{\"@type\":\"ImageObject\",\"inLanguage\":\"es\",\"@id\":\"https:\\\/\\\/baxcompany.com\\\/es\\\/bax-se-situa-a-la-vanguardia-de-la-innovacion-urbana-impulsada-por-los-retos-con-la-asociacion-dut\\\/#primaryimage\",\"url\":\"https:\\\/\\\/baxcompany.com\\\/wp-content\\\/uploads\\\/2025\\\/01\\\/Screenshot-2025-01-28-at-10.59.16-1.png\",\"contentUrl\":\"https:\\\/\\\/baxcompany.com\\\/wp-content\\\/uploads\\\/2025\\\/01\\\/Screenshot-2025-01-28-at-10.59.16-1.png\",\"width\":1761,\"height\":988},{\"@type\":\"BreadcrumbList\",\"@id\":\"https:\\\/\\\/baxcompany.com\\\/es\\\/bax-se-situa-a-la-vanguardia-de-la-innovacion-urbana-impulsada-por-los-retos-con-la-asociacion-dut\\\/#breadcrumb\",\"itemListElement\":[{\"@type\":\"ListItem\",\"position\":1,\"name\":\"Home\",\"item\":\"https:\\\/\\\/baxcompany.com\\\/es\\\/home\\\/\"},{\"@type\":\"ListItem\",\"position\":2,\"name\":\"Bax se sit\u00faa a la vanguardia de la innovaci\u00f3n urbana impulsada por los retos con la asociaci\u00f3n DUT\"}]},{\"@type\":\"WebSite\",\"@id\":\"https:\\\/\\\/baxcompany.com\\\/es\\\/#website\",\"url\":\"https:\\\/\\\/baxcompany.com\\\/es\\\/\",\"name\":\"Bax\",\"description\":\"Innovation consultancy specialising in pilots, funding and collaborations\",\"publisher\":{\"@id\":\"https:\\\/\\\/baxcompany.com\\\/es\\\/#organization\"},\"potentialAction\":[{\"@type\":\"SearchAction\",\"target\":{\"@type\":\"EntryPoint\",\"urlTemplate\":\"https:\\\/\\\/baxcompany.com\\\/es\\\/?s={search_term_string}\"},\"query-input\":{\"@type\":\"PropertyValueSpecification\",\"valueRequired\":true,\"valueName\":\"search_term_string\"}}],\"inLanguage\":\"es\"},{\"@type\":\"Organization\",\"@id\":\"https:\\\/\\\/baxcompany.com\\\/es\\\/#organization\",\"name\":\"Bax\",\"url\":\"https:\\\/\\\/baxcompany.com\\\/es\\\/\",\"logo\":{\"@type\":\"ImageObject\",\"inLanguage\":\"es\",\"@id\":\"https:\\\/\\\/baxcompany.com\\\/es\\\/#\\\/schema\\\/logo\\\/image\\\/\",\"url\":\"https:\\\/\\\/baxcompany.com\\\/wp-content\\\/uploads\\\/2024\\\/05\\\/cropped-Bax-favicon.png\",\"contentUrl\":\"https:\\\/\\\/baxcompany.com\\\/wp-content\\\/uploads\\\/2024\\\/05\\\/cropped-Bax-favicon.png\",\"width\":512,\"height\":512,\"caption\":\"Bax\"},\"image\":{\"@id\":\"https:\\\/\\\/baxcompany.com\\\/es\\\/#\\\/schema\\\/logo\\\/image\\\/\"}},{\"@type\":\"Person\",\"@id\":\"https:\\\/\\\/baxcompany.com\\\/es\\\/#\\\/schema\\\/person\\\/700b0fea733ef875bcfc2688a1e841d3\",\"name\":\"Amy McCready\",\"url\":\"https:\\\/\\\/baxcompany.com\\\/es\\\/author\\\/amc\\\/\"}]}<\/script>\n<!-- \/ Yoast SEO plugin. -->","yoast_head_json":{"title":"Bax se sit\u00faa a la vanguardia de la innovaci\u00f3n urbana impulsada por los retos con la asociaci\u00f3n DUT - Bax","description":"Bax ha confirmado recientemente su compromiso con el progreso del futuro urbano sostenible de Europa con el lanzamiento de una colaboraci\u00f3n de cuatro a\u00f1os con la Asociaci\u00f3n Driving Urban Transitions (DUT).","robots":{"index":"index","follow":"follow","max-snippet":"max-snippet:-1","max-image-preview":"max-image-preview:large","max-video-preview":"max-video-preview:-1"},"canonical":"https:\/\/baxcompany.com\/es\/bax-se-situa-a-la-vanguardia-de-la-innovacion-urbana-impulsada-por-los-retos-con-la-asociacion-dut\/","og_locale":"es_ES","og_type":"article","og_title":"Bax se sit\u00faa a la vanguardia de la innovaci\u00f3n urbana impulsada por los retos con la asociaci\u00f3n DUT - Bax","og_description":"Bax ha confirmado recientemente su compromiso con el progreso del futuro urbano sostenible de Europa con el lanzamiento de una colaboraci\u00f3n de cuatro a\u00f1os con la Asociaci\u00f3n Driving Urban Transitions (DUT).","og_url":"https:\/\/baxcompany.com\/es\/bax-se-situa-a-la-vanguardia-de-la-innovacion-urbana-impulsada-por-los-retos-con-la-asociacion-dut\/","og_site_name":"Bax","article_published_time":"2025-01-28T10:28:20+00:00","article_modified_time":"2025-01-28T10:28:21+00:00","og_image":[{"width":1024,"height":575,"url":"https:\/\/baxcompany.com\/wp-content\/uploads\/2025\/01\/Screenshot-2025-01-28-at-10.59.16-1-1024x575.png","type":"image\/png"}],"author":"Amy McCready","twitter_card":"summary_large_image","twitter_misc":{"Escrito por":"Amy McCready","Tiempo de lectura":"7 minutos"},"schema":{"@context":"https:\/\/schema.org","@graph":[{"@type":"Article","@id":"https:\/\/baxcompany.com\/es\/bax-se-situa-a-la-vanguardia-de-la-innovacion-urbana-impulsada-por-los-retos-con-la-asociacion-dut\/#article","isPartOf":{"@id":"https:\/\/baxcompany.com\/es\/bax-se-situa-a-la-vanguardia-de-la-innovacion-urbana-impulsada-por-los-retos-con-la-asociacion-dut\/"},"author":{"name":"Amy McCready","@id":"https:\/\/baxcompany.com\/es\/#\/schema\/person\/700b0fea733ef875bcfc2688a1e841d3"},"headline":"Bax se sit\u00faa a la vanguardia de la innovaci\u00f3n urbana impulsada por los retos con la asociaci\u00f3n DUT","datePublished":"2025-01-28T10:28:20+00:00","dateModified":"2025-01-28T10:28:21+00:00","mainEntityOfPage":{"@id":"https:\/\/baxcompany.com\/es\/bax-se-situa-a-la-vanguardia-de-la-innovacion-urbana-impulsada-por-los-retos-con-la-asociacion-dut\/"},"wordCount":1372,"publisher":{"@id":"https:\/\/baxcompany.com\/es\/#organization"},"image":{"@id":"https:\/\/baxcompany.com\/es\/bax-se-situa-a-la-vanguardia-de-la-innovacion-urbana-impulsada-por-los-retos-con-la-asociacion-dut\/#primaryimage"},"thumbnailUrl":"https:\/\/baxcompany.com\/wp-content\/uploads\/2025\/01\/Screenshot-2025-01-28-at-10.59.16-1.png","keywords":["Naturaleza"],"articleSection":["Perspectivas","Sin categorizar"],"inLanguage":"es"},{"@type":"WebPage","@id":"https:\/\/baxcompany.com\/es\/bax-se-situa-a-la-vanguardia-de-la-innovacion-urbana-impulsada-por-los-retos-con-la-asociacion-dut\/","url":"https:\/\/baxcompany.com\/es\/bax-se-situa-a-la-vanguardia-de-la-innovacion-urbana-impulsada-por-los-retos-con-la-asociacion-dut\/","name":"Bax se sit\u00faa a la vanguardia de la innovaci\u00f3n urbana impulsada por los retos con la asociaci\u00f3n DUT - Bax","isPartOf":{"@id":"https:\/\/baxcompany.com\/es\/#website"},"primaryImageOfPage":{"@id":"https:\/\/baxcompany.com\/es\/bax-se-situa-a-la-vanguardia-de-la-innovacion-urbana-impulsada-por-los-retos-con-la-asociacion-dut\/#primaryimage"},"image":{"@id":"https:\/\/baxcompany.com\/es\/bax-se-situa-a-la-vanguardia-de-la-innovacion-urbana-impulsada-por-los-retos-con-la-asociacion-dut\/#primaryimage"},"thumbnailUrl":"https:\/\/baxcompany.com\/wp-content\/uploads\/2025\/01\/Screenshot-2025-01-28-at-10.59.16-1.png","datePublished":"2025-01-28T10:28:20+00:00","dateModified":"2025-01-28T10:28:21+00:00","description":"Bax ha confirmado recientemente su compromiso con el progreso del futuro urbano sostenible de Europa con el lanzamiento de una colaboraci\u00f3n de cuatro a\u00f1os con la Asociaci\u00f3n Driving Urban Transitions (DUT).","breadcrumb":{"@id":"https:\/\/baxcompany.com\/es\/bax-se-situa-a-la-vanguardia-de-la-innovacion-urbana-impulsada-por-los-retos-con-la-asociacion-dut\/#breadcrumb"},"inLanguage":"es","potentialAction":[{"@type":"ReadAction","target":["https:\/\/baxcompany.com\/es\/bax-se-situa-a-la-vanguardia-de-la-innovacion-urbana-impulsada-por-los-retos-con-la-asociacion-dut\/"]}]},{"@type":"ImageObject","inLanguage":"es","@id":"https:\/\/baxcompany.com\/es\/bax-se-situa-a-la-vanguardia-de-la-innovacion-urbana-impulsada-por-los-retos-con-la-asociacion-dut\/#primaryimage","url":"https:\/\/baxcompany.com\/wp-content\/uploads\/2025\/01\/Screenshot-2025-01-28-at-10.59.16-1.png","contentUrl":"https:\/\/baxcompany.com\/wp-content\/uploads\/2025\/01\/Screenshot-2025-01-28-at-10.59.16-1.png","width":1761,"height":988},{"@type":"BreadcrumbList","@id":"https:\/\/baxcompany.com\/es\/bax-se-situa-a-la-vanguardia-de-la-innovacion-urbana-impulsada-por-los-retos-con-la-asociacion-dut\/#breadcrumb","itemListElement":[{"@type":"ListItem","position":1,"name":"Home","item":"https:\/\/baxcompany.com\/es\/home\/"},{"@type":"ListItem","position":2,"name":"Bax se sit\u00faa a la vanguardia de la innovaci\u00f3n urbana impulsada por los retos con la asociaci\u00f3n DUT"}]},{"@type":"WebSite","@id":"https:\/\/baxcompany.com\/es\/#website","url":"https:\/\/baxcompany.com\/es\/","name":"Bax","description":"Innovation consultancy specialising in pilots, funding and collaborations","publisher":{"@id":"https:\/\/baxcompany.com\/es\/#organization"},"potentialAction":[{"@type":"SearchAction","target":{"@type":"EntryPoint","urlTemplate":"https:\/\/baxcompany.com\/es\/?s={search_term_string}"},"query-input":{"@type":"PropertyValueSpecification","valueRequired":true,"valueName":"search_term_string"}}],"inLanguage":"es"},{"@type":"Organization","@id":"https:\/\/baxcompany.com\/es\/#organization","name":"Bax","url":"https:\/\/baxcompany.com\/es\/","logo":{"@type":"ImageObject","inLanguage":"es","@id":"https:\/\/baxcompany.com\/es\/#\/schema\/logo\/image\/","url":"https:\/\/baxcompany.com\/wp-content\/uploads\/2024\/05\/cropped-Bax-favicon.png","contentUrl":"https:\/\/baxcompany.com\/wp-content\/uploads\/2024\/05\/cropped-Bax-favicon.png","width":512,"height":512,"caption":"Bax"},"image":{"@id":"https:\/\/baxcompany.com\/es\/#\/schema\/logo\/image\/"}},{"@type":"Person","@id":"https:\/\/baxcompany.com\/es\/#\/schema\/person\/700b0fea733ef875bcfc2688a1e841d3","name":"Amy McCready","url":"https:\/\/baxcompany.com\/es\/author\/amc\/"}]}},"jetpack_featured_media_url":"https:\/\/baxcompany.com\/wp-content\/uploads\/2025\/01\/Screenshot-2025-01-28-at-10.59.16-1.png","jetpack_sharing_enabled":true,"_links":{"self":[{"href":"https:\/\/baxcompany.com\/es\/wp-json\/wp\/v2\/posts\/14994","targetHints":{"allow":["GET"]}}],"collection":[{"href":"https:\/\/baxcompany.com\/es\/wp-json\/wp\/v2\/posts"}],"about":[{"href":"https:\/\/baxcompany.com\/es\/wp-json\/wp\/v2\/types\/post"}],"author":[{"embeddable":true,"href":"https:\/\/baxcompany.com\/es\/wp-json\/wp\/v2\/users\/4"}],"replies":[{"embeddable":true,"href":"https:\/\/baxcompany.com\/es\/wp-json\/wp\/v2\/comments?post=14994"}],"version-history":[{"count":1,"href":"https:\/\/baxcompany.com\/es\/wp-json\/wp\/v2\/posts\/14994\/revisions"}],"predecessor-version":[{"id":14996,"href":"https:\/\/baxcompany.com\/es\/wp-json\/wp\/v2\/posts\/14994\/revisions\/14996"}],"wp:featuredmedia":[{"embeddable":true,"href":"https:\/\/baxcompany.com\/es\/wp-json\/wp\/v2\/media\/15004"}],"wp:attachment":[{"href":"https:\/\/baxcompany.com\/es\/wp-json\/wp\/v2\/media?parent=14994"}],"wp:term":[{"taxonomy":"category","embeddable":true,"href":"https:\/\/baxcompany.com\/es\/wp-json\/wp\/v2\/categories?post=14994"},{"taxonomy":"post_tag","embeddable":true,"href":"https:\/\/baxcompany.com\/es\/wp-json\/wp\/v2\/tags?post=14994"}],"curies":[{"name":"wp","href":"https:\/\/api.w.org\/{rel}","templated":true}]}}