{"id":17933,"date":"2025-06-04T09:44:05","date_gmt":"2025-06-04T07:44:05","guid":{"rendered":"https:\/\/baxcompany.com\/?p=17933"},"modified":"2025-06-04T09:44:06","modified_gmt":"2025-06-04T07:44:06","slug":"unidos-por-las-emisiones-cero-el-impulso-colaborativo-de-europa-en-la-innovacion-del-ve-2","status":"publish","type":"post","link":"https:\/\/baxcompany.com\/es\/unidos-por-las-emisiones-cero-el-impulso-colaborativo-de-europa-en-la-innovacion-del-ve-2\/","title":{"rendered":"Unidos por las emisiones cero: El impulso colaborativo de Europa en la innovaci\u00f3n del VE"},"content":{"rendered":"\t\t<div data-elementor-type=\"wp-post\" data-elementor-id=\"17933\" class=\"elementor elementor-17933 elementor-17929\" data-elementor-post-type=\"post\">\n\t\t\t\t<div class=\"elementor-element elementor-element-0722f7a e-flex e-con-boxed e-con e-parent\" data-id=\"0722f7a\" data-element_type=\"container\" data-e-type=\"container\">\n\t\t\t\t\t<div class=\"e-con-inner\">\n\t\t\t\t<div class=\"elementor-element elementor-element-f5fee3c elementor-widget elementor-widget-text-editor\" data-id=\"f5fee3c\" data-element_type=\"widget\" data-e-type=\"widget\" data-widget_type=\"text-editor.default\">\n\t\t\t\t<div class=\"elementor-widget-container\">\n\t\t\t\t\t\t\t\t\t<p>Originally published by <a href=\"https:\/\/digital-magazine.jeccomposites.com\/reader\/e34ea1bb-ce88-4226-a893-f4fe75b9a0e6?origin=%2Fjec-composites-magazine%2Fjec-composites-magazine%2Fn162-2025\">JEC Composite Magazine<\/a><\/p>\n\t\t\t\t\t\t\t\t<\/div>\n\t\t\t\t<\/div>\n\t\t\t\t<div class=\"elementor-element elementor-element-d303a3a elementor-widget elementor-widget-text-editor\" data-id=\"d303a3a\" data-element_type=\"widget\" data-e-type=\"widget\" data-widget_type=\"text-editor.default\">\n\t\t\t\t<div class=\"elementor-widget-container\">\n\t\t\t\t\t\t\t\t\t<p>La Comisi\u00f3n Europea (CE) ha fijado el objetivo de que todos los coches y furgonetas nuevos matriculados en Europa sean de emisiones cero para 2035. Esto ha supuesto una importante presi\u00f3n para la industria del autom\u00f3vil, ya que las nuevas normas sobre emisiones de CO\u00b2 tambi\u00e9n exigir\u00e1n una reducci\u00f3n del 55% de las emisiones medias para 2030. Satisfacer la creciente demanda de veh\u00edculos el\u00e9ctricos (VE) -que podr\u00edan representar entre el 25% y el 50% de la producci\u00f3n de veh\u00edculos- exige una actuaci\u00f3n inmediata e innovadora del sector.  <\/p>\n<p>La transici\u00f3n a los VE se enfrenta a retos que van m\u00e1s all\u00e1 de la producci\u00f3n de bater\u00edas, la ansiedad por la autonom\u00eda y el desarrollo de infraestructuras. Aunque \u00e9stas son preocupaciones fundamentales, la escasez de materiales y la necesidad de reducir la dependencia de los combustibles f\u00f3siles en la fabricaci\u00f3n complican a\u00fan m\u00e1s el cambio. Todos los materiales y procesos que intervienen en la producci\u00f3n de autom\u00f3viles deben acabar siendo menos dependientes de los recursos cada vez m\u00e1s escasos y de la energ\u00eda de los combustibles f\u00f3siles. Esto presenta un complejo conjunto de retos que deben abordarse para garantizar la sostenibilidad de la industria de los VE.   <\/p>\n<p>Consciente de ello, la organizaci\u00f3n alemana de investigaci\u00f3n Fraunhofer IWU, junto con la <a href=\"https:\/\/elcanetwork.eu\/\" target=\"_blank\" rel=\"noopener\">Alianza Europea de Agrupaciones Ligeras (ELCA<\/a>), impulsada por Bax, inici\u00f3 un esfuerzo a escala europea. Cuatro de las mayores empresas automovil\u00edsticas de Europa se unieron a la iniciativa, reconociendo que los objetivos de CO\u00b2 de la CE exigen un planteamiento colaborativo en el que todos pongan manos a la obra. <\/p>\n<p>Esto plantea la siguiente pregunta: \u00bfpor qu\u00e9 los fabricantes de equipos originales (OEM) europeos no pueden hacer la transici\u00f3n a las emisiones netas cero de forma independiente? Aunque disponen de importantes recursos, depender \u00fanicamente de ellos plantea dificultades, sobre todo en la transici\u00f3n a los materiales secundarios. Las preguntas clave son: \u00bfDe d\u00f3nde sacamos las materias primas secundarias? \u00bfSu calidad cumplir\u00e1 las normas de seguridad? \u00bfHay suficientes para satisfacer la creciente demanda de VE? El seguimiento de los or\u00edgenes y el ciclo de vida de los materiales es esencial, y la reutilizaci\u00f3n de los materiales al final de su vida \u00fatil (EoL) sin reciclarlos podr\u00eda ser revolucionaria. Sin embargo, la medici\u00f3n y comparaci\u00f3n de los m\u00e9todos circulares, junto con la normalizaci\u00f3n, presenta obst\u00e1culos adicionales. \u00bfLas pr\u00e1cticas circulares deben desarrollarse internamente o mediante asociaciones con peque\u00f1as y medianas empresas (PYME)? Estos retos ponen de manifiesto la necesidad de estrategias integrales y colaborativas para alcanzar las emisiones netas cero.        <\/p>\n\t\t\t\t\t\t\t\t<\/div>\n\t\t\t\t<\/div>\n\t\t\t\t<div class=\"elementor-element elementor-element-ebb1f54 elementor-widget elementor-widget-text-editor\" data-id=\"ebb1f54\" data-element_type=\"widget\" data-e-type=\"widget\" data-widget_type=\"text-editor.default\">\n\t\t\t\t<div class=\"elementor-widget-container\">\n\t\t\t\t\t\t\t\t\t<p>A medida que Europa avanza hacia un futuro de emisiones cero, la industria del autom\u00f3vil se encuentra en el centro de esta transici\u00f3n. Con los ambiciosos objetivos fijados por la Comisi\u00f3n Europea, los fabricantes, los institutos de investigaci\u00f3n y los responsables pol\u00edticos colaboran para desarrollar veh\u00edculos el\u00e9ctricos (VE) sostenibles que cumplan las estrictas normas de reducci\u00f3n de CO\u00b2. Este art\u00edculo explora c\u00f3mo la colaboraci\u00f3n es esencial para superar los retos relacionados con los materiales, los procesos y la infraestructura, garantizando al mismo tiempo la competitividad y la sostenibilidad del sector automovil\u00edstico europeo.  <strong><em><br \/><\/em><\/strong><\/p>\n\t\t\t\t\t\t\t\t<\/div>\n\t\t\t\t<\/div>\n\t\t\t\t\t<\/div>\n\t\t\t\t<\/div>\n\t\t<div class=\"elementor-element elementor-element-e5b22b3 e-flex e-con-boxed e-con e-parent\" data-id=\"e5b22b3\" data-element_type=\"container\" data-e-type=\"container\">\n\t\t\t\t\t<div class=\"e-con-inner\">\n\t\t\t\t<div data-dce-text-color=\"#00B398\" class=\"elementor-element elementor-element-6abb165 elementor-widget elementor-widget-text-editor\" data-id=\"6abb165\" data-element_type=\"widget\" data-e-type=\"widget\" data-widget_type=\"text-editor.default\">\n\t\t\t\t<div class=\"elementor-widget-container\">\n\t\t\t\t\t\t\t\t\t<p>Navegando por el camino hacia las emisiones cero: La transici\u00f3n colectiva de la industria europea del autom\u00f3vil<\/p>\n\t\t\t\t\t\t\t\t<\/div>\n\t\t\t\t<\/div>\n\t\t\t\t\t<\/div>\n\t\t\t\t<\/div>\n\t\t<div class=\"elementor-element elementor-element-9ccb0a4 e-flex e-con-boxed e-con e-parent\" data-id=\"9ccb0a4\" data-element_type=\"container\" data-e-type=\"container\">\n\t\t\t\t\t<div class=\"e-con-inner\">\n\t\t\t\t<div class=\"elementor-element elementor-element-8f0d5b5 elementor-widget elementor-widget-text-editor\" data-id=\"8f0d5b5\" data-element_type=\"widget\" data-e-type=\"widget\" data-widget_type=\"text-editor.default\">\n\t\t\t\t<div class=\"elementor-widget-container\">\n\t\t\t\t\t\t\t\t\t<p>By sector, the aerospace industry has set firm targets requiring airlines to cut emissions by 55% below 2020 levels by 2030. Likewise, the automotive industry is transforming itself in line with the EU Climate Law and the EU Green Deal where there are obligations to achieve the targets of net-zero emissions by 2050 and CO2 emissions per vehicle fleet. Similarly, the building sector faces strict energy efficiency standards under the EU Green Deal, aiming for all new buildings to be \u00abzero-emission\u00bb by 2030, driving innovations in insulation, smart energy systems, and lightweight composites. Finally, the energy sector is now under pressure to increase the rate of renewable energy integration while ensuring that the materials used in the infrastructure are also sustainable. Although these policies are daunting, they also present opportunities for innovation.<\/p>\n<p>This regulatory push is driving industries towards the use of lightweight materials with multifunctional capabilities and circular designs to meet CO\u2082 targets. Sustainability has become synonymous with technological progress in all industries, leading to solutions that are not only long-lasting but effective, and versatile.<\/p>\n\t\t\t\t\t\t\t\t<\/div>\n\t\t\t\t<\/div>\n\t\t\t\t<div data-dce-text-color=\"#00B398\" class=\"elementor-element elementor-element-7358c4e elementor-widget elementor-widget-text-editor\" data-id=\"7358c4e\" data-element_type=\"widget\" data-e-type=\"widget\" data-widget_type=\"text-editor.default\">\n\t\t\t\t<div class=\"elementor-widget-container\">\n\t\t\t\t\t\t\t\t\t<p>Iniciativa de ZEvRA financiada por Horizonte Europa para veh\u00edculos el\u00e9ctricos sostenibles<\/p>\n\t\t\t\t\t\t\t\t<\/div>\n\t\t\t\t<\/div>\n\t\t\t\t<div class=\"elementor-element elementor-element-5f59cd9 elementor-widget elementor-widget-text-editor\" data-id=\"5f59cd9\" data-element_type=\"widget\" data-e-type=\"widget\" data-widget_type=\"text-editor.default\">\n\t\t\t\t<div class=\"elementor-widget-container\">\n\t\t\t\t\t\t\t\t\t<p>Bajo el tema de la convocatoria \u00abEnfoques de econom\u00eda circular para veh\u00edculos de emisiones cero\u00bb, <a href=\"https:\/\/zevraproject.eu\/\" target=\"_blank\" rel=\"noopener\">ZEvRA (Zero Emission electric Vehicles enabled by haRmonised circulArity)<\/a> pretende mejorar la circularidad de los VE mediante el dise\u00f1o para el reciclaje y la reutilizaci\u00f3n. El proyecto pretende fomentar la concienciaci\u00f3n sobre los principios de la econom\u00eda circular y el an\u00e1lisis del ciclo de vida (ACV) en el transporte limpio, normalizar las m\u00e9tricas de circularidad en el sector de la automoci\u00f3n y desarrollar un prototipo de veh\u00edculo que utilice materiales v\u00edrgenes cero. <\/p>\n<p>El objetivo de ZEvRA es impulsar a Europa hacia una econom\u00eda digital, circular y clim\u00e1ticamente neutra, reduciendo la dependencia de las materias primas y fomentando al mismo tiempo la innovaci\u00f3n y las competencias en pr\u00e1cticas de econom\u00eda circular. Con una financiaci\u00f3n de 12 millones de euros de la CE, el proyecto comenz\u00f3 en enero de 2024 y tiene una duraci\u00f3n prevista de tres a\u00f1os. <\/p>\n\t\t\t\t\t\t\t\t<\/div>\n\t\t\t\t<\/div>\n\t\t\t\t<div data-dce-text-color=\"#00B398\" class=\"elementor-element elementor-element-c8f2331 elementor-widget elementor-widget-text-editor\" data-id=\"c8f2331\" data-element_type=\"widget\" data-e-type=\"widget\" data-widget_type=\"text-editor.default\">\n\t\t\t\t<div class=\"elementor-widget-container\">\n\t\t\t\t\t\t\t\t\t<p>Closing the Loop: Composites and the Circular Economy<\/p>\n\t\t\t\t\t\t\t\t<\/div>\n\t\t\t\t<\/div>\n\t\t\t\t\t<\/div>\n\t\t\t\t<\/div>\n\t\t<div class=\"elementor-element elementor-element-ac2ab0d e-flex e-con-boxed e-con e-parent\" data-id=\"ac2ab0d\" data-element_type=\"container\" data-e-type=\"container\">\n\t\t\t\t\t<div class=\"e-con-inner\">\n\t\t<div class=\"elementor-element elementor-element-8471b28 e-con-full e-grid e-con e-child\" data-id=\"8471b28\" data-element_type=\"container\" data-e-type=\"container\">\n\t\t\t\t<div class=\"elementor-element elementor-element-848671f elementor-widget elementor-widget-text-editor\" data-id=\"848671f\" data-element_type=\"widget\" data-e-type=\"widget\" data-widget_type=\"text-editor.default\">\n\t\t\t\t<div class=\"elementor-widget-container\">\n\t\t\t\t\t\t\t\t\t<p>The shift towards a circular economy is transforming the automotive, aerospace, construction and energy sectors by promoting resource efficiency, waste reduction and the reuse and recycling of materials. Circularity in composites aims to minimise environmental impact, extend product life cycles, and foster closed-loop systems that reduce reliance on finite resources while enhancing sustainability.<\/p>\n<p>Efforts to reuse and upcycle secondary materials in composite manufacturing are gaining importance. Innovations in recycling processes and material tracking systems, such as Materials ID Passports, are enabling better recovery of valuable components and improved lifecycle management. This transition is supported by strategies like integrating recycled polymers, remanufacturing components and adopting bio-based and recyclable thermoset materials.<\/p>\n\t\t\t\t\t\t\t\t<\/div>\n\t\t\t\t<\/div>\n\t\t\t\t<div class=\"elementor-element elementor-element-f0f4eb0 dce_masking-none elementor-widget elementor-widget-image\" data-id=\"f0f4eb0\" data-element_type=\"widget\" data-e-type=\"widget\" data-widget_type=\"image.default\">\n\t\t\t\t<div class=\"elementor-widget-container\">\n\t\t\t\t\t\t\t\t\t\t\t\t<figure class=\"wp-caption\">\n\t\t\t\t\t\t\t\t\t\t<img fetchpriority=\"high\" decoding=\"async\" width=\"768\" height=\"767\" src=\"https:\/\/baxcompany.com\/wp-content\/uploads\/2025\/05\/Your-Paragraph-Text-Wallpaper-3-768x767.png\" class=\"attachment-medium_large size-medium_large wp-image-17799\" alt=\"\" srcset=\"https:\/\/baxcompany.com\/wp-content\/uploads\/2025\/05\/Your-Paragraph-Text-Wallpaper-3-768x767.png 768w, https:\/\/baxcompany.com\/wp-content\/uploads\/2025\/05\/Your-Paragraph-Text-Wallpaper-3-300x300.png 300w, https:\/\/baxcompany.com\/wp-content\/uploads\/2025\/05\/Your-Paragraph-Text-Wallpaper-3-1024x1022.png 1024w, https:\/\/baxcompany.com\/wp-content\/uploads\/2025\/05\/Your-Paragraph-Text-Wallpaper-3-150x150.png 150w, https:\/\/baxcompany.com\/wp-content\/uploads\/2025\/05\/Your-Paragraph-Text-Wallpaper-3.png 1043w\" sizes=\"(max-width: 768px) 100vw, 768px\" \/>\t\t\t\t\t\t\t\t\t\t\t<figcaption class=\"widget-image-caption wp-caption-text\"><\/figcaption>\n\t\t\t\t\t\t\t\t\t\t<\/figure>\n\t\t\t\t\t\t\t\t\t<\/div>\n\t\t\t\t<\/div>\n\t\t\t\t<\/div>\n\t\t\t\t<div class=\"elementor-element elementor-element-2f7c916 elementor-widget elementor-widget-text-editor\" data-id=\"2f7c916\" data-element_type=\"widget\" data-e-type=\"widget\" data-widget_type=\"text-editor.default\">\n\t\t\t\t<div class=\"elementor-widget-container\">\n\t\t\t\t\t\t\t\t\t<p>However, the complexity of fiber-matrix composites poses challenges for recycling. Specialised processes are often required to separate components efficiently. Solutions include mono-material concepts for easier recovery and hybridisation strategies that enhance bio-based composites\u2019 performance. Designing for circularity\u2014through modular components, easy disassembly, and reversible bonding techniques\u2014is key to improving recyclability.<\/p>\n\t\t\t\t\t\t\t\t<\/div>\n\t\t\t\t<\/div>\n\t\t\t\t<div data-dce-text-color=\"#00B398\" class=\"elementor-element elementor-element-89b8454 elementor-widget elementor-widget-text-editor\" data-id=\"89b8454\" data-element_type=\"widget\" data-e-type=\"widget\" data-widget_type=\"text-editor.default\">\n\t\t\t\t<div class=\"elementor-widget-container\">\n\t\t\t\t\t\t\t\t\t<p>Digital Tools Powering Sustainable Innovation<\/p>\n\t\t\t\t\t\t\t\t<\/div>\n\t\t\t\t<\/div>\n\t\t\t\t<div class=\"elementor-element elementor-element-c679dc2 elementor-widget elementor-widget-text-editor\" data-id=\"c679dc2\" data-element_type=\"widget\" data-e-type=\"widget\" data-widget_type=\"text-editor.default\">\n\t\t\t\t<div class=\"elementor-widget-container\">\n\t\t\t\t\t\t\t\t\t<p>Digital tools, including Digital Twins, generative design and simulation technologies, are playing a critical role in optimising the design, manufacturing and lifecycle management of composites. Advancements in manufacturing processes, such as additive manufacturing and in-mold technologies, allow for the creation of multifunctional components that reduce material use and production waste. These innovations, combined with efforts to develop bio-based alternatives and improve recycling techniques, are driving a shift towards sustainable production models.<\/p>\n<p>By combining material innovation, advanced manufacturing and circular design principles, industries can create composites that align with sustainability goals. These approaches not only reduce environmental impacts but also drive innovation, economic growth and resilience across the value chain, paving the way for a more sustainable future.<\/p>\n\t\t\t\t\t\t\t\t<\/div>\n\t\t\t\t<\/div>\n\t\t\t\t<div data-dce-text-color=\"#00B398\" class=\"elementor-element elementor-element-1d039e6 elementor-widget elementor-widget-text-editor\" data-id=\"1d039e6\" data-element_type=\"widget\" data-e-type=\"widget\" data-widget_type=\"text-editor.default\">\n\t\t\t\t<div class=\"elementor-widget-container\">\n\t\t\t\t\t\t\t\t\t<p>Elevar la industria europea del VE: Impulsar la sostenibilidad, la innovaci\u00f3n y la influencia mundial<\/p>\n\t\t\t\t\t\t\t\t<\/div>\n\t\t\t\t<\/div>\n\t\t\t\t<div class=\"elementor-element elementor-element-2c92d9d elementor-widget elementor-widget-text-editor\" data-id=\"2c92d9d\" data-element_type=\"widget\" data-e-type=\"widget\" data-widget_type=\"text-editor.default\">\n\t\t\t\t<div class=\"elementor-widget-container\">\n\t\t\t\t\t\t\t\t\t<p>Con 28 socios que abarcan toda la cadena de valor del dise\u00f1o, desarrollo y fabricaci\u00f3n de veh\u00edculos el\u00e9ctricos ligeros -en 11 pa\u00edses, incluidos cuatro de los mayores fabricantes europeos de equipos originales-, el proyecto ZEvRA est\u00e1 estableciendo una nueva norma para la fabricaci\u00f3n de veh\u00edculos del futuro en Europa. Pretende subir el list\u00f3n tanto en circularidad como en rendimiento. <\/p>\n<p>Los VE son fundamentales para reducir las emisiones de gases de efecto invernadero del transporte. Con una demanda de transporte en aumento, la industria europea del VE puede desempe\u00f1ar un papel crucial en la descarbonizaci\u00f3n del sector. Adem\u00e1s, la industria automovil\u00edstica es una fuente clave de crecimiento econ\u00f3mico y creaci\u00f3n de empleo. Manteniendo la industria en Europa, podemos impulsar la innovaci\u00f3n, atraer inversiones y crear empleos de alta calidad en fabricaci\u00f3n, investigaci\u00f3n y desarrollo.   <\/p>\n<p>Mantener una posici\u00f3n fuerte en el mercado de los VE permite a las empresas europeas liderar los avances tecnol\u00f3gicos, lo que beneficia no s\u00f3lo al sector del autom\u00f3vil, sino que se extiende a otras industrias. Al competir con otros actores importantes, como China, Europa puede ejercer influencia en las normas y pr\u00e1cticas mundiales relacionadas con la sostenibilidad, dando forma a acuerdos, reglamentos y normas internacionales que promuevan la protecci\u00f3n del medio ambiente y el desarrollo sostenible. <\/p>\n<\/p>\n<p><em>Los autores del art\u00edculo desean agradecer la financiaci\u00f3n de la Comisi\u00f3n Europea para el proyecto ZEvRA mediante el acuerdo de subvenci\u00f3n N\u00ba101138034.<\/em><\/p>\n\t\t\t\t\t\t\t\t<\/div>\n\t\t\t\t<\/div>\n\t\t\t\t<div data-dce-text-color=\"#00B398\" class=\"elementor-element elementor-element-a55015e elementor-widget elementor-widget-text-editor\" data-id=\"a55015e\" data-element_type=\"widget\" data-e-type=\"widget\" data-widget_type=\"text-editor.default\">\n\t\t\t\t<div class=\"elementor-widget-container\">\n\t\t\t\t\t\t\t\t\t<p>Unlocking Cost Savings and Efficiency with Advanced Composites<\/p>\n\t\t\t\t\t\t\t\t<\/div>\n\t\t\t\t<\/div>\n\t\t\t\t<div class=\"elementor-element elementor-element-8fb3443 elementor-widget elementor-widget-text-editor\" data-id=\"8fb3443\" data-element_type=\"widget\" data-e-type=\"widget\" data-widget_type=\"text-editor.default\">\n\t\t\t\t<div class=\"elementor-widget-container\">\n\t\t\t\t\t\t\t\t\t<p>The integration of advanced composite materials in construction, aerospace and aeronautics, and energy sectors offers transformative potential for cost savings throughout the product lifecycle.<\/p>\n<p>In the construction sector, composites often entail high initial costs during manufacturing due to the needs for specialised equipment, the patenting of new materials is both highly expensive and immensely time consuming as it may take up to several years. Prefabrication and modular construction further save time, reduce labour costs, and minimise on-site disruptions compared to traditional approaches. Complex structures can offer long-term benefits, such as new materials with colour-changing properties to enhance energy efficiency in buildings. For instance, a layered composite of copper foil, plastic, and graphene adjusts its infrared colour and heat absorption based on temperature, cooling interiors on hot days and insulating them on cold days.<\/p>\n<p>The aerospace sector faces high maintenance costs due to the stringent safety requirements and complex systems. Advanced analytics and machine learning further optimise processes, reduce waste, and refine lightweighting, helping airlines lower fuel consumption and increase payload capacity. Digital tools like generative design and topology optimisation enable lighter, more efficient structures by optimising material use and exploring innovative geometries, improving performance while reducing weight. Predictive maintenance leverages data and machine learning to foresee equipment failures, cutting downtime, costs, and enhancing safety.<\/p>\n<p>Transporting and installing renewable energy components such as wind turbine blades and solar panels is costly and complex, particularly in remote or offshore locations. In solar PV, freight and installation costs vary but typically make up 4-20% of total costs. Using composite materials reduce component weight, making transportation and installation easier and more affordable. The wind turbine sector is exploring sectional turbine blades to cut transportation costs and enable reuse of non-degraded parts at the end of life. Similarly, lightweight, modular, and flexible solar panels are being developed for rapid deployment, though further research is needed to improve their efficiency and cost-effectiveness compared to rigid panels.<\/p>\n\t\t\t\t\t\t\t\t<\/div>\n\t\t\t\t<\/div>\n\t\t\t\t<div data-dce-text-color=\"#00B398\" class=\"elementor-element elementor-element-3c29626 elementor-widget elementor-widget-text-editor\" data-id=\"3c29626\" data-element_type=\"widget\" data-e-type=\"widget\" data-widget_type=\"text-editor.default\">\n\t\t\t\t<div class=\"elementor-widget-container\">\n\t\t\t\t\t\t\t\t\t<p>Advanced Materials and the Road Ahead<\/p>\n\t\t\t\t\t\t\t\t<\/div>\n\t\t\t\t<\/div>\n\t\t\t\t<div class=\"elementor-element elementor-element-f0c09d9 elementor-widget elementor-widget-text-editor\" data-id=\"f0c09d9\" data-element_type=\"widget\" data-e-type=\"widget\" data-widget_type=\"text-editor.default\">\n\t\t\t\t<div class=\"elementor-widget-container\">\n\t\t\t\t\t\t\t\t\t<p><span class=\"TextRun SCXW267494800 BCX0\" lang=\"EN-GB\" xml:lang=\"EN-GB\" data-contrast=\"auto\"><span class=\"NormalTextRun SCXW267494800 BCX0\">Composites are paving the way for a more sustainable and economically <\/span><span class=\"NormalTextRun SCXW267494800 BCX0\">viable<\/span><span class=\"NormalTextRun SCXW267494800 BCX0\"> future across industries, <\/span><span class=\"NormalTextRun SCXW267494800 BCX0\">optimising<\/span><span class=\"NormalTextRun SCXW267494800 BCX0\"> manufacturing, transportation, and installation processes while enabling innovative applications and long-term benefits.<\/span> <span class=\"NormalTextRun SCXW267494800 BCX0\">To explore the transformative role of advanced materials, <\/span><span class=\"NormalTextRun SCXW267494800 BCX0\">please<\/span><span class=\"NormalTextRun SCXW267494800 BCX0\"> follow the link for more insights<\/span><span class=\"NormalTextRun SCXW267494800 BCX0\"> and to discover the full technology roadmap.\u00a0<\/span><span class=\"NormalTextRun SCXW267494800 BCX0\">\u00a0<\/span><\/span><span class=\"EOP SCXW267494800 BCX0\" data-ccp-props=\"{&quot;335551550&quot;:6,&quot;335551620&quot;:6,&quot;335559731&quot;:720}\">\u00a0<\/span><\/p>\n<p>The authors would like to acknowledge the funding of the European Commission for the AMULET H2020 project under the grant agreement N\u00ba101005435.<\/p>\n\t\t\t\t\t\t\t\t<\/div>\n\t\t\t\t<\/div>\n\t\t\t\t<div class=\"elementor-element elementor-element-30ee13f dce_masking-none elementor-widget elementor-widget-image\" data-id=\"30ee13f\" data-element_type=\"widget\" data-e-type=\"widget\" data-widget_type=\"image.default\">\n\t\t\t\t<div class=\"elementor-widget-container\">\n\t\t\t\t\t\t\t\t\t\t\t\t\t\t\t\t<a href=\"https:\/\/baxcompany.com\/wp-content\/uploads\/2025\/03\/AMULET-Technology-Roadmap.pdf\">\n\t\t\t\t\t\t\t<img decoding=\"async\" width=\"768\" height=\"1093\" src=\"https:\/\/baxcompany.com\/wp-content\/uploads\/2025\/05\/Screenshot-2025-05-29-at-12.33.00-768x1093.png\" class=\"attachment-medium_large size-medium_large wp-image-17804\" alt=\"\" srcset=\"https:\/\/baxcompany.com\/wp-content\/uploads\/2025\/05\/Screenshot-2025-05-29-at-12.33.00-768x1093.png 768w, https:\/\/baxcompany.com\/wp-content\/uploads\/2025\/05\/Screenshot-2025-05-29-at-12.33.00-211x300.png 211w, https:\/\/baxcompany.com\/wp-content\/uploads\/2025\/05\/Screenshot-2025-05-29-at-12.33.00-719x1024.png 719w, https:\/\/baxcompany.com\/wp-content\/uploads\/2025\/05\/Screenshot-2025-05-29-at-12.33.00-1079x1536.png 1079w, https:\/\/baxcompany.com\/wp-content\/uploads\/2025\/05\/Screenshot-2025-05-29-at-12.33.00.png 1246w\" sizes=\"(max-width: 768px) 100vw, 768px\" \/>\t\t\t\t\t\t\t\t<\/a>\n\t\t\t\t\t\t\t\t\t\t\t\t\t\t\t<\/div>\n\t\t\t\t<\/div>\n\t\t<div class=\"elementor-element elementor-element-cee3363 e-con-full e-flex e-con e-child\" data-id=\"cee3363\" data-element_type=\"container\" data-e-type=\"container\">\n\t\t\t\t<div class=\"elementor-element elementor-element-3efe6e4 elementor-align-center elementor-widget elementor-widget-button\" data-id=\"3efe6e4\" data-element_type=\"widget\" data-e-type=\"widget\" data-widget_type=\"button.default\">\n\t\t\t\t<div class=\"elementor-widget-container\">\n\t\t\t\t\t\t\t\t\t<div class=\"elementor-button-wrapper\">\n\t\t\t\t\t<a class=\"elementor-button elementor-button-link elementor-size-sm elementor-animation-grow\" href=\"https:\/\/baxcompany.com\/wp-content\/uploads\/2025\/03\/AMULET-Technology-Roadmap.pdf\">\n\t\t\t\t\t\t<span class=\"elementor-button-content-wrapper\">\n\t\t\t\t\t\t\t\t\t<span class=\"elementor-button-text\">Read the full roadmap<\/span>\n\t\t\t\t\t<\/span>\n\t\t\t\t\t<\/a>\n\t\t\t\t<\/div>\n\t\t\t\t\t\t\t\t<\/div>\n\t\t\t\t<\/div>\n\t\t\t\t<\/div>\n\t\t\t\t\t<\/div>\n\t\t\t\t<\/div>\n\t\t<div class=\"elementor-element elementor-element-5ffadec e-flex e-con-boxed e-con e-parent\" data-id=\"5ffadec\" data-element_type=\"container\" data-e-type=\"container\">\n\t\t\t\t\t<div class=\"e-con-inner\">\n\t\t\t\t\t<\/div>\n\t\t\t\t<\/div>\n\t\t\t\t<\/div>\n\t\t","protected":false},"excerpt":{"rendered":"<p>Originally published by JEC Composite Magazine La Comisi\u00f3n Europea (CE) ha fijado el objetivo de que todos los coches y furgonetas nuevos matriculados en Europa sean de emisiones cero para 2035. Esto ha supuesto una importante presi\u00f3n para la industria del autom\u00f3vil, ya que las nuevas normas sobre emisiones de CO\u00b2 tambi\u00e9n exigir\u00e1n una reducci\u00f3n [&hellip;]<\/p>\n","protected":false},"author":8,"featured_media":17942,"comment_status":"closed","ping_status":"closed","sticky":false,"template":"","format":"standard","meta":{"_acf_changed":false,"_monsterinsights_skip_tracking":false,"_monsterinsights_sitenote_active":false,"_monsterinsights_sitenote_note":"","_monsterinsights_sitenote_category":0,"_jetpack_memberships_contains_paid_content":false,"footnotes":""},"categories":[141,85],"tags":[127,390],"class_list":["post-17933","post","type-post","status-publish","format-standard","has-post-thumbnail","hentry","category-perspectivas","category-sin-categorizar","tag-salud","tag-urbano"],"acf":[],"yoast_head":"<!-- This site is optimized with the Yoast SEO plugin v27.5 - https:\/\/yoast.com\/product\/yoast-seo-wordpress\/ -->\n<title>Unidos por las emisiones cero: El impulso colaborativo de Europa en la innovaci\u00f3n del VE - Bax<\/title>\n<meta name=\"description\" content=\"La industria automovil\u00edstica europea es clave para lograr un futuro de emisiones cero. Este art\u00edculo examina la colaboraci\u00f3n entre fabricantes, investigadores y responsables pol\u00edticos para desarrollar veh\u00edculos el\u00e9ctricos sostenibles que cumplan los objetivos de reducci\u00f3n de CO2 manteniendo la competitividad.\" \/>\n<meta name=\"robots\" content=\"index, follow, max-snippet:-1, max-image-preview:large, max-video-preview:-1\" \/>\n<link rel=\"canonical\" href=\"https:\/\/baxcompany.com\/es\/unidos-por-las-emisiones-cero-el-impulso-colaborativo-de-europa-en-la-innovacion-del-ve-2\/\" \/>\n<meta property=\"og:locale\" content=\"es_ES\" \/>\n<meta property=\"og:type\" content=\"article\" \/>\n<meta property=\"og:title\" content=\"Unidos por las emisiones cero: El impulso colaborativo de Europa en la innovaci\u00f3n del VE - Bax\" \/>\n<meta property=\"og:description\" content=\"La industria automovil\u00edstica europea es clave para lograr un futuro de emisiones cero. Este art\u00edculo examina la colaboraci\u00f3n entre fabricantes, investigadores y responsables pol\u00edticos para desarrollar veh\u00edculos el\u00e9ctricos sostenibles que cumplan los objetivos de reducci\u00f3n de CO2 manteniendo la competitividad.\" \/>\n<meta property=\"og:url\" content=\"https:\/\/baxcompany.com\/es\/unidos-por-las-emisiones-cero-el-impulso-colaborativo-de-europa-en-la-innovacion-del-ve-2\/\" \/>\n<meta property=\"og:site_name\" content=\"Bax\" \/>\n<meta property=\"article:published_time\" content=\"2025-06-04T07:44:05+00:00\" \/>\n<meta property=\"article:modified_time\" content=\"2025-06-04T07:44:06+00:00\" \/>\n<meta property=\"og:image\" content=\"https:\/\/baxcompany.com\/wp-content\/uploads\/2025\/05\/Solar-Panel-Building-scaled.jpg\" \/>\n\t<meta property=\"og:image:width\" content=\"2560\" \/>\n\t<meta property=\"og:image:height\" content=\"1707\" \/>\n\t<meta property=\"og:image:type\" content=\"image\/jpeg\" \/>\n<meta name=\"author\" content=\"Bax\" \/>\n<meta name=\"twitter:card\" content=\"summary_large_image\" \/>\n<meta name=\"twitter:label1\" content=\"Escrito por\" \/>\n\t<meta name=\"twitter:data1\" content=\"Bax\" \/>\n\t<meta name=\"twitter:label2\" content=\"Tiempo de lectura\" \/>\n\t<meta name=\"twitter:data2\" content=\"10 minutos\" \/>\n<script type=\"application\/ld+json\" class=\"yoast-schema-graph\">{\"@context\":\"https:\\\/\\\/schema.org\",\"@graph\":[{\"@type\":\"Article\",\"@id\":\"https:\\\/\\\/baxcompany.com\\\/es\\\/unidos-por-las-emisiones-cero-el-impulso-colaborativo-de-europa-en-la-innovacion-del-ve-2\\\/#article\",\"isPartOf\":{\"@id\":\"https:\\\/\\\/baxcompany.com\\\/es\\\/unidos-por-las-emisiones-cero-el-impulso-colaborativo-de-europa-en-la-innovacion-del-ve-2\\\/\"},\"author\":{\"name\":\"Bax\",\"@id\":\"https:\\\/\\\/baxcompany.com\\\/es\\\/#\\\/schema\\\/person\\\/b478825e60f227992a17c9a6d9780f1f\"},\"headline\":\"Unidos por las emisiones cero: El impulso colaborativo de Europa en la innovaci\u00f3n del VE\",\"datePublished\":\"2025-06-04T07:44:05+00:00\",\"dateModified\":\"2025-06-04T07:44:06+00:00\",\"mainEntityOfPage\":{\"@id\":\"https:\\\/\\\/baxcompany.com\\\/es\\\/unidos-por-las-emisiones-cero-el-impulso-colaborativo-de-europa-en-la-innovacion-del-ve-2\\\/\"},\"wordCount\":1921,\"publisher\":{\"@id\":\"https:\\\/\\\/baxcompany.com\\\/es\\\/#organization\"},\"image\":{\"@id\":\"https:\\\/\\\/baxcompany.com\\\/es\\\/unidos-por-las-emisiones-cero-el-impulso-colaborativo-de-europa-en-la-innovacion-del-ve-2\\\/#primaryimage\"},\"thumbnailUrl\":\"https:\\\/\\\/baxcompany.com\\\/wp-content\\\/uploads\\\/2025\\\/06\\\/adam_slowikowski_MK3_3755.jpg\",\"keywords\":[\"Salud\",\"Urbano\"],\"articleSection\":[\"Perspectivas\",\"Sin categorizar\"],\"inLanguage\":\"es\"},{\"@type\":\"WebPage\",\"@id\":\"https:\\\/\\\/baxcompany.com\\\/es\\\/unidos-por-las-emisiones-cero-el-impulso-colaborativo-de-europa-en-la-innovacion-del-ve-2\\\/\",\"url\":\"https:\\\/\\\/baxcompany.com\\\/es\\\/unidos-por-las-emisiones-cero-el-impulso-colaborativo-de-europa-en-la-innovacion-del-ve-2\\\/\",\"name\":\"Unidos por las emisiones cero: El impulso colaborativo de Europa en la innovaci\u00f3n del VE - Bax\",\"isPartOf\":{\"@id\":\"https:\\\/\\\/baxcompany.com\\\/es\\\/#website\"},\"primaryImageOfPage\":{\"@id\":\"https:\\\/\\\/baxcompany.com\\\/es\\\/unidos-por-las-emisiones-cero-el-impulso-colaborativo-de-europa-en-la-innovacion-del-ve-2\\\/#primaryimage\"},\"image\":{\"@id\":\"https:\\\/\\\/baxcompany.com\\\/es\\\/unidos-por-las-emisiones-cero-el-impulso-colaborativo-de-europa-en-la-innovacion-del-ve-2\\\/#primaryimage\"},\"thumbnailUrl\":\"https:\\\/\\\/baxcompany.com\\\/wp-content\\\/uploads\\\/2025\\\/06\\\/adam_slowikowski_MK3_3755.jpg\",\"datePublished\":\"2025-06-04T07:44:05+00:00\",\"dateModified\":\"2025-06-04T07:44:06+00:00\",\"description\":\"La industria automovil\u00edstica europea es clave para lograr un futuro de emisiones cero. Este art\u00edculo examina la colaboraci\u00f3n entre fabricantes, investigadores y responsables pol\u00edticos para desarrollar veh\u00edculos el\u00e9ctricos sostenibles que cumplan los objetivos de reducci\u00f3n de CO2 manteniendo la competitividad.\",\"breadcrumb\":{\"@id\":\"https:\\\/\\\/baxcompany.com\\\/es\\\/unidos-por-las-emisiones-cero-el-impulso-colaborativo-de-europa-en-la-innovacion-del-ve-2\\\/#breadcrumb\"},\"inLanguage\":\"es\",\"potentialAction\":[{\"@type\":\"ReadAction\",\"target\":[\"https:\\\/\\\/baxcompany.com\\\/es\\\/unidos-por-las-emisiones-cero-el-impulso-colaborativo-de-europa-en-la-innovacion-del-ve-2\\\/\"]}]},{\"@type\":\"ImageObject\",\"inLanguage\":\"es\",\"@id\":\"https:\\\/\\\/baxcompany.com\\\/es\\\/unidos-por-las-emisiones-cero-el-impulso-colaborativo-de-europa-en-la-innovacion-del-ve-2\\\/#primaryimage\",\"url\":\"https:\\\/\\\/baxcompany.com\\\/wp-content\\\/uploads\\\/2025\\\/06\\\/adam_slowikowski_MK3_3755.jpg\",\"contentUrl\":\"https:\\\/\\\/baxcompany.com\\\/wp-content\\\/uploads\\\/2025\\\/06\\\/adam_slowikowski_MK3_3755.jpg\",\"width\":1600,\"height\":1067},{\"@type\":\"BreadcrumbList\",\"@id\":\"https:\\\/\\\/baxcompany.com\\\/es\\\/unidos-por-las-emisiones-cero-el-impulso-colaborativo-de-europa-en-la-innovacion-del-ve-2\\\/#breadcrumb\",\"itemListElement\":[{\"@type\":\"ListItem\",\"position\":1,\"name\":\"Home\",\"item\":\"https:\\\/\\\/baxcompany.com\\\/es\\\/home\\\/\"},{\"@type\":\"ListItem\",\"position\":2,\"name\":\"Unidos por las emisiones cero: El impulso colaborativo de Europa en la innovaci\u00f3n del VE\"}]},{\"@type\":\"WebSite\",\"@id\":\"https:\\\/\\\/baxcompany.com\\\/es\\\/#website\",\"url\":\"https:\\\/\\\/baxcompany.com\\\/es\\\/\",\"name\":\"Bax\",\"description\":\"Innovation consultancy specialising in pilots, funding and collaborations\",\"publisher\":{\"@id\":\"https:\\\/\\\/baxcompany.com\\\/es\\\/#organization\"},\"potentialAction\":[{\"@type\":\"SearchAction\",\"target\":{\"@type\":\"EntryPoint\",\"urlTemplate\":\"https:\\\/\\\/baxcompany.com\\\/es\\\/?s={search_term_string}\"},\"query-input\":{\"@type\":\"PropertyValueSpecification\",\"valueRequired\":true,\"valueName\":\"search_term_string\"}}],\"inLanguage\":\"es\"},{\"@type\":\"Organization\",\"@id\":\"https:\\\/\\\/baxcompany.com\\\/es\\\/#organization\",\"name\":\"Bax\",\"url\":\"https:\\\/\\\/baxcompany.com\\\/es\\\/\",\"logo\":{\"@type\":\"ImageObject\",\"inLanguage\":\"es\",\"@id\":\"https:\\\/\\\/baxcompany.com\\\/es\\\/#\\\/schema\\\/logo\\\/image\\\/\",\"url\":\"https:\\\/\\\/baxcompany.com\\\/wp-content\\\/uploads\\\/2024\\\/05\\\/cropped-Bax-favicon.png\",\"contentUrl\":\"https:\\\/\\\/baxcompany.com\\\/wp-content\\\/uploads\\\/2024\\\/05\\\/cropped-Bax-favicon.png\",\"width\":512,\"height\":512,\"caption\":\"Bax\"},\"image\":{\"@id\":\"https:\\\/\\\/baxcompany.com\\\/es\\\/#\\\/schema\\\/logo\\\/image\\\/\"}},{\"@type\":\"Person\",\"@id\":\"https:\\\/\\\/baxcompany.com\\\/es\\\/#\\\/schema\\\/person\\\/b478825e60f227992a17c9a6d9780f1f\",\"name\":\"Bax\",\"url\":\"https:\\\/\\\/baxcompany.com\\\/es\\\/author\\\/adminbaxco\\\/\"}]}<\/script>\n<!-- \/ Yoast SEO plugin. -->","yoast_head_json":{"title":"Unidos por las emisiones cero: El impulso colaborativo de Europa en la innovaci\u00f3n del VE - Bax","description":"La industria automovil\u00edstica europea es clave para lograr un futuro de emisiones cero. Este art\u00edculo examina la colaboraci\u00f3n entre fabricantes, investigadores y responsables pol\u00edticos para desarrollar veh\u00edculos el\u00e9ctricos sostenibles que cumplan los objetivos de reducci\u00f3n de CO2 manteniendo la competitividad.","robots":{"index":"index","follow":"follow","max-snippet":"max-snippet:-1","max-image-preview":"max-image-preview:large","max-video-preview":"max-video-preview:-1"},"canonical":"https:\/\/baxcompany.com\/es\/unidos-por-las-emisiones-cero-el-impulso-colaborativo-de-europa-en-la-innovacion-del-ve-2\/","og_locale":"es_ES","og_type":"article","og_title":"Unidos por las emisiones cero: El impulso colaborativo de Europa en la innovaci\u00f3n del VE - Bax","og_description":"La industria automovil\u00edstica europea es clave para lograr un futuro de emisiones cero. Este art\u00edculo examina la colaboraci\u00f3n entre fabricantes, investigadores y responsables pol\u00edticos para desarrollar veh\u00edculos el\u00e9ctricos sostenibles que cumplan los objetivos de reducci\u00f3n de CO2 manteniendo la competitividad.","og_url":"https:\/\/baxcompany.com\/es\/unidos-por-las-emisiones-cero-el-impulso-colaborativo-de-europa-en-la-innovacion-del-ve-2\/","og_site_name":"Bax","article_published_time":"2025-06-04T07:44:05+00:00","article_modified_time":"2025-06-04T07:44:06+00:00","og_image":[{"width":2560,"height":1707,"url":"https:\/\/baxcompany.com\/wp-content\/uploads\/2025\/05\/Solar-Panel-Building-scaled.jpg","type":"image\/jpeg"}],"author":"Bax","twitter_card":"summary_large_image","twitter_misc":{"Escrito por":"Bax","Tiempo de lectura":"10 minutos"},"schema":{"@context":"https:\/\/schema.org","@graph":[{"@type":"Article","@id":"https:\/\/baxcompany.com\/es\/unidos-por-las-emisiones-cero-el-impulso-colaborativo-de-europa-en-la-innovacion-del-ve-2\/#article","isPartOf":{"@id":"https:\/\/baxcompany.com\/es\/unidos-por-las-emisiones-cero-el-impulso-colaborativo-de-europa-en-la-innovacion-del-ve-2\/"},"author":{"name":"Bax","@id":"https:\/\/baxcompany.com\/es\/#\/schema\/person\/b478825e60f227992a17c9a6d9780f1f"},"headline":"Unidos por las emisiones cero: El impulso colaborativo de Europa en la innovaci\u00f3n del VE","datePublished":"2025-06-04T07:44:05+00:00","dateModified":"2025-06-04T07:44:06+00:00","mainEntityOfPage":{"@id":"https:\/\/baxcompany.com\/es\/unidos-por-las-emisiones-cero-el-impulso-colaborativo-de-europa-en-la-innovacion-del-ve-2\/"},"wordCount":1921,"publisher":{"@id":"https:\/\/baxcompany.com\/es\/#organization"},"image":{"@id":"https:\/\/baxcompany.com\/es\/unidos-por-las-emisiones-cero-el-impulso-colaborativo-de-europa-en-la-innovacion-del-ve-2\/#primaryimage"},"thumbnailUrl":"https:\/\/baxcompany.com\/wp-content\/uploads\/2025\/06\/adam_slowikowski_MK3_3755.jpg","keywords":["Salud","Urbano"],"articleSection":["Perspectivas","Sin categorizar"],"inLanguage":"es"},{"@type":"WebPage","@id":"https:\/\/baxcompany.com\/es\/unidos-por-las-emisiones-cero-el-impulso-colaborativo-de-europa-en-la-innovacion-del-ve-2\/","url":"https:\/\/baxcompany.com\/es\/unidos-por-las-emisiones-cero-el-impulso-colaborativo-de-europa-en-la-innovacion-del-ve-2\/","name":"Unidos por las emisiones cero: El impulso colaborativo de Europa en la innovaci\u00f3n del VE - Bax","isPartOf":{"@id":"https:\/\/baxcompany.com\/es\/#website"},"primaryImageOfPage":{"@id":"https:\/\/baxcompany.com\/es\/unidos-por-las-emisiones-cero-el-impulso-colaborativo-de-europa-en-la-innovacion-del-ve-2\/#primaryimage"},"image":{"@id":"https:\/\/baxcompany.com\/es\/unidos-por-las-emisiones-cero-el-impulso-colaborativo-de-europa-en-la-innovacion-del-ve-2\/#primaryimage"},"thumbnailUrl":"https:\/\/baxcompany.com\/wp-content\/uploads\/2025\/06\/adam_slowikowski_MK3_3755.jpg","datePublished":"2025-06-04T07:44:05+00:00","dateModified":"2025-06-04T07:44:06+00:00","description":"La industria automovil\u00edstica europea es clave para lograr un futuro de emisiones cero. Este art\u00edculo examina la colaboraci\u00f3n entre fabricantes, investigadores y responsables pol\u00edticos para desarrollar veh\u00edculos el\u00e9ctricos sostenibles que cumplan los objetivos de reducci\u00f3n de CO2 manteniendo la competitividad.","breadcrumb":{"@id":"https:\/\/baxcompany.com\/es\/unidos-por-las-emisiones-cero-el-impulso-colaborativo-de-europa-en-la-innovacion-del-ve-2\/#breadcrumb"},"inLanguage":"es","potentialAction":[{"@type":"ReadAction","target":["https:\/\/baxcompany.com\/es\/unidos-por-las-emisiones-cero-el-impulso-colaborativo-de-europa-en-la-innovacion-del-ve-2\/"]}]},{"@type":"ImageObject","inLanguage":"es","@id":"https:\/\/baxcompany.com\/es\/unidos-por-las-emisiones-cero-el-impulso-colaborativo-de-europa-en-la-innovacion-del-ve-2\/#primaryimage","url":"https:\/\/baxcompany.com\/wp-content\/uploads\/2025\/06\/adam_slowikowski_MK3_3755.jpg","contentUrl":"https:\/\/baxcompany.com\/wp-content\/uploads\/2025\/06\/adam_slowikowski_MK3_3755.jpg","width":1600,"height":1067},{"@type":"BreadcrumbList","@id":"https:\/\/baxcompany.com\/es\/unidos-por-las-emisiones-cero-el-impulso-colaborativo-de-europa-en-la-innovacion-del-ve-2\/#breadcrumb","itemListElement":[{"@type":"ListItem","position":1,"name":"Home","item":"https:\/\/baxcompany.com\/es\/home\/"},{"@type":"ListItem","position":2,"name":"Unidos por las emisiones cero: El impulso colaborativo de Europa en la innovaci\u00f3n del VE"}]},{"@type":"WebSite","@id":"https:\/\/baxcompany.com\/es\/#website","url":"https:\/\/baxcompany.com\/es\/","name":"Bax","description":"Innovation consultancy specialising in pilots, funding and collaborations","publisher":{"@id":"https:\/\/baxcompany.com\/es\/#organization"},"potentialAction":[{"@type":"SearchAction","target":{"@type":"EntryPoint","urlTemplate":"https:\/\/baxcompany.com\/es\/?s={search_term_string}"},"query-input":{"@type":"PropertyValueSpecification","valueRequired":true,"valueName":"search_term_string"}}],"inLanguage":"es"},{"@type":"Organization","@id":"https:\/\/baxcompany.com\/es\/#organization","name":"Bax","url":"https:\/\/baxcompany.com\/es\/","logo":{"@type":"ImageObject","inLanguage":"es","@id":"https:\/\/baxcompany.com\/es\/#\/schema\/logo\/image\/","url":"https:\/\/baxcompany.com\/wp-content\/uploads\/2024\/05\/cropped-Bax-favicon.png","contentUrl":"https:\/\/baxcompany.com\/wp-content\/uploads\/2024\/05\/cropped-Bax-favicon.png","width":512,"height":512,"caption":"Bax"},"image":{"@id":"https:\/\/baxcompany.com\/es\/#\/schema\/logo\/image\/"}},{"@type":"Person","@id":"https:\/\/baxcompany.com\/es\/#\/schema\/person\/b478825e60f227992a17c9a6d9780f1f","name":"Bax","url":"https:\/\/baxcompany.com\/es\/author\/adminbaxco\/"}]}},"jetpack_featured_media_url":"https:\/\/baxcompany.com\/wp-content\/uploads\/2025\/06\/adam_slowikowski_MK3_3755.jpg","jetpack_sharing_enabled":true,"_links":{"self":[{"href":"https:\/\/baxcompany.com\/es\/wp-json\/wp\/v2\/posts\/17933","targetHints":{"allow":["GET"]}}],"collection":[{"href":"https:\/\/baxcompany.com\/es\/wp-json\/wp\/v2\/posts"}],"about":[{"href":"https:\/\/baxcompany.com\/es\/wp-json\/wp\/v2\/types\/post"}],"author":[{"embeddable":true,"href":"https:\/\/baxcompany.com\/es\/wp-json\/wp\/v2\/users\/8"}],"replies":[{"embeddable":true,"href":"https:\/\/baxcompany.com\/es\/wp-json\/wp\/v2\/comments?post=17933"}],"version-history":[{"count":1,"href":"https:\/\/baxcompany.com\/es\/wp-json\/wp\/v2\/posts\/17933\/revisions"}],"predecessor-version":[{"id":17935,"href":"https:\/\/baxcompany.com\/es\/wp-json\/wp\/v2\/posts\/17933\/revisions\/17935"}],"wp:featuredmedia":[{"embeddable":true,"href":"https:\/\/baxcompany.com\/es\/wp-json\/wp\/v2\/media\/17942"}],"wp:attachment":[{"href":"https:\/\/baxcompany.com\/es\/wp-json\/wp\/v2\/media?parent=17933"}],"wp:term":[{"taxonomy":"category","embeddable":true,"href":"https:\/\/baxcompany.com\/es\/wp-json\/wp\/v2\/categories?post=17933"},{"taxonomy":"post_tag","embeddable":true,"href":"https:\/\/baxcompany.com\/es\/wp-json\/wp\/v2\/tags?post=17933"}],"curies":[{"name":"wp","href":"https:\/\/api.w.org\/{rel}","templated":true}]}}