{"id":8869,"date":"2024-05-30T12:54:36","date_gmt":"2024-05-30T10:54:36","guid":{"rendered":"https:\/\/baxcompany.com\/?p=8869"},"modified":"2024-11-12T11:25:03","modified_gmt":"2024-11-12T10:25:03","slug":"bax-company-se-convierte-en-bax-2","status":"publish","type":"post","link":"https:\/\/baxcompany.com\/es\/bax-company-se-convierte-en-bax-2\/","title":{"rendered":"Revitalizar el barrio industrial del Bes\u00f2s de Barcelona mediante un urbanismo saludable"},"content":{"rendered":"\t\t<div data-elementor-type=\"wp-post\" data-elementor-id=\"8869\" class=\"elementor elementor-8869 elementor-8865\" data-elementor-post-type=\"post\">\n\t\t\t\t<div class=\"elementor-element elementor-element-579bdd9 e-flex e-con-boxed e-con e-parent\" data-id=\"579bdd9\" data-element_type=\"container\" data-e-type=\"container\">\n\t\t\t\t\t<div class=\"e-con-inner\">\n\t\t\t\t<div class=\"elementor-element elementor-element-1d39dfc1 elementor-widget elementor-widget-text-editor\" data-id=\"1d39dfc1\" data-element_type=\"widget\" data-e-type=\"widget\" data-widget_type=\"text-editor.default\">\n\t\t\t\t<div class=\"elementor-widget-container\">\n\t\t\t\t\t\t\t\t\t<p>El Ayuntamiento de Barcelona ha concedido a Bax la oportunidad de crear una estrategia de reurbanizaci\u00f3n para uno de los mayores distritos industriales de la ciudad. El barrio que rodea la zona industrial es una de las \u00e1reas m\u00e1s deprimidas de Barcelona, con una esperanza de vida 12 a\u00f1os inferior a la de zonas m\u00e1s pr\u00f3speras de la ciudad. Nuestra estrategia imagina un Distrito de la Innovaci\u00f3n que proporcionar\u00e1 a los residentes y empresas del Bes\u00f2s puestos de trabajo de alta calidad, abundantes espacios verdes y un dise\u00f1o saludable de las calles.  <\/p>\n\t\t\t\t\t\t\t\t<\/div>\n\t\t\t\t<\/div>\n\t\t\t\t\t<\/div>\n\t\t\t\t<\/div>\n\t\t<div class=\"elementor-element elementor-element-3bc2b7c6 e-flex e-con-boxed e-con e-parent\" data-id=\"3bc2b7c6\" data-element_type=\"container\" data-e-type=\"container\">\n\t\t\t\t\t<div class=\"e-con-inner\">\n\t\t\t\t<div class=\"elementor-element elementor-element-7383fbd elementor-widget elementor-widget-text-editor\" data-id=\"7383fbd\" data-element_type=\"widget\" data-e-type=\"widget\" data-widget_type=\"text-editor.default\">\n\t\t\t\t<div class=\"elementor-widget-container\">\n\t\t\t\t\t\t\t\t\t<p>Hace 30 a\u00f1os, un hist\u00f3rico proyecto de regeneraci\u00f3n convirti\u00f3 el r\u00edo Bes\u00f2s de Barcelona en un vibrante lugar verde donde sus habitantes pasean, van en bicicleta y juegan. El vecino distrito industrial del Bes\u00f2s recibir\u00e1 ahora un tratamiento similar. Tras un concurso abierto, el Ayuntamiento de Barcelona ha elegido a Bax para desarrollar una estrategia de revitalizaci\u00f3n del distrito que oriente la regeneraci\u00f3n hacia m\u00e1s espacios verdes, empleos de alta calidad y calles que apoyen estilos de vida saludables y sociales.  <\/p>\n<p>Hogar de m\u00e1s de 45.000 personas, los barrios que rodean el distrito industrial del Bes\u00f3s son algunas de las zonas m\u00e1s deprimidas de la ciudad. Los cambios econ\u00f3micos de la ciudad han reducido las oportunidades de sus residentes, y el empeoramiento de las condiciones socioecon\u00f3micas ha dado lugar a una esperanza de vida media 12 a\u00f1os inferior a la de las zonas m\u00e1s pr\u00f3speras de la ciudad. <\/p>\n<p>Durante d\u00e9cadas, la regeneraci\u00f3n de la zona del Bes\u00f2s ha sido reconocida como una prioridad para la ciudad. A principios de este a\u00f1o, Bax recibi\u00f3 la oportunidad de dirigir este proceso. En colaboraci\u00f3n con la arquitecta <a href=\"https:\/\/www.linkedin.com\/in\/honorata\/\" target=\"_blank\" rel=\"noopener\">Honorata Grzesikowska<\/a>, <strong>Bax ha desarrollado el Estudio Estrat\u00e9gico Urbano Bes\u00f2s 22+<\/strong>, una visi\u00f3n audaz para revitalizar el distrito de 153 hect\u00e1reas con puestos de trabajo de alta calidad, un dise\u00f1o saludable y abundantes espacios verdes.  <\/p>\n\t\t\t\t\t\t\t\t<\/div>\n\t\t\t\t<\/div>\n\t\t\t\t\t<\/div>\n\t\t\t\t<\/div>\n\t\t<div class=\"elementor-element elementor-element-fe160fa e-flex e-con-boxed e-con e-parent\" data-id=\"fe160fa\" data-element_type=\"container\" data-e-type=\"container\">\n\t\t\t\t\t<div class=\"e-con-inner\">\n\t\t\t\t<div class=\"elementor-element elementor-element-11595d1 dce_masking-none elementor-widget elementor-widget-image\" data-id=\"11595d1\" data-element_type=\"widget\" data-e-type=\"widget\" data-widget_type=\"image.default\">\n\t\t\t\t<div class=\"elementor-widget-container\">\n\t\t\t\t\t\t\t\t\t\t\t\t\t\t\t<img fetchpriority=\"high\" decoding=\"async\" width=\"1050\" height=\"596\" src=\"https:\/\/baxcompany.com\/wp-content\/uploads\/2024\/05\/screenshot-2023-11-05-at-16.54.45.png\" class=\"attachment-full size-full wp-image-8885\" alt=\"\" srcset=\"https:\/\/baxcompany.com\/wp-content\/uploads\/2024\/05\/screenshot-2023-11-05-at-16.54.45.png 1050w, https:\/\/baxcompany.com\/wp-content\/uploads\/2024\/05\/screenshot-2023-11-05-at-16.54.45-300x170.png 300w, https:\/\/baxcompany.com\/wp-content\/uploads\/2024\/05\/screenshot-2023-11-05-at-16.54.45-1024x581.png 1024w, https:\/\/baxcompany.com\/wp-content\/uploads\/2024\/05\/screenshot-2023-11-05-at-16.54.45-768x436.png 768w\" sizes=\"(max-width: 1050px) 100vw, 1050px\" \/>\t\t\t\t\t\t\t\t\t\t\t\t\t\t\t<\/div>\n\t\t\t\t<\/div>\n\t\t\t\t<div class=\"elementor-element elementor-element-c371935 elementor-widget elementor-widget-text-editor\" data-id=\"c371935\" data-element_type=\"widget\" data-e-type=\"widget\" data-widget_type=\"text-editor.default\">\n\t\t\t\t<div class=\"elementor-widget-container\">\n\t\t\t\t\t\t\t\t\t<p>22+ convertir\u00e1 un \u00e1rea de aproximadamente la mitad del tama\u00f1o de Central Park en un nuevo centro de industria innovadora y bienestar para la ciudad. Re\u00fane las principales conclusiones de estudios anteriores sobre la zona, en particular el <em>Masterplan Urban\u00edstic i Econ\u00f2mic del Districte d&#8217;Innovaci\u00f3 de Barcelona<\/em> de <a href=\"https:\/\/www.linkedin.com\/in\/ramongras\/\" target=\"_blank\" rel=\"noopener\">Ramon Gras<\/a> y el equipo de <a href=\"https:\/\/www.aretian.com\/\" target=\"_blank\" rel=\"noopener\">Aretian<\/a>, en una \u00fanica estrategia global para la salud. Bas\u00e1ndose en los mejores ejemplos contempor\u00e1neos de Europa, replantear\u00e1 la forma en que las personas y las empresas se mueven, operan y viven en la zona. La Estrategia incluye:   <\/p>\n<ul>\n<li>Los \u00abejes verdes\u00bb proporcionar\u00e1n pasillos de \u00e1rboles y parques que duplicar\u00e1n el espacio verde total de la regi\u00f3n.<\/li>\n<li>Un dise\u00f1o polic\u00e9ntrico conducir\u00e1 a la creaci\u00f3n no de uno, sino de tres centros vibrantes en los que las comunidades puedan reunirse y organizar actos.<\/li>\n<li>Los cambios en la jerarqu\u00eda vial fomentar\u00e1n el uso de la bicicleta y los desplazamientos a pie sin perturbar la actividad industrial.<\/li>\n<li>Y centrarse en empleos ecol\u00f3gicos de alta calidad ayudar\u00e1 a reducir la creciente dependencia de la zona de la industria log\u00edstica.<\/li>\n<\/ul>\n\t\t\t\t\t\t\t\t<\/div>\n\t\t\t\t<\/div>\n\t\t<div class=\"elementor-element elementor-element-bb33470 e-con-full e-flex e-con e-child\" data-id=\"bb33470\" data-element_type=\"container\" data-e-type=\"container\" data-settings=\"{&quot;background_background&quot;:&quot;classic&quot;}\">\n\t\t\t\t<div class=\"elementor-element elementor-element-0ac52ae elementor-widget__width-initial elementor-widget elementor-widget-text-editor\" data-id=\"0ac52ae\" data-element_type=\"widget\" data-e-type=\"widget\" data-widget_type=\"text-editor.default\">\n\t\t\t\t<div class=\"elementor-widget-container\">\n\t\t\t\t\t\t\t\t\t<p>La zona del Bes\u00f2s est\u00e1 a 20 minutos en bicicleta de nuestra oficina de Barcelona. Es una parte importante de la ciudad, y cuando nos seleccionaron para elaborar su estrategia de reurbanizaci\u00f3n, nos entusiasmamos. La estrategia re\u00fane la experiencia de toda la empresa. Desde la planificaci\u00f3n urbana saludable hasta la ecologizaci\u00f3n, pasando por la movilidad y la energ\u00eda, ha sido un verdadero esfuerzo de toda la consultor\u00eda para mejorar la vida en un distrito que est\u00e1 justo en nuestra puerta.   <\/p>\n\t\t\t\t\t\t\t\t<\/div>\n\t\t\t\t<\/div>\n\t\t\t\t<div class=\"elementor-element elementor-element-71c7d38 elementor-widget__width-initial elementor-widget elementor-widget-text-editor\" data-id=\"71c7d38\" data-element_type=\"widget\" data-e-type=\"widget\" data-widget_type=\"text-editor.default\">\n\t\t\t\t<div class=\"elementor-widget-container\">\n\t\t\t\t\t\t\t\t\t<p>&#8211; Sebastiaan van Herk, Director General de Bax<\/p>\n\t\t\t\t\t\t\t\t<\/div>\n\t\t\t\t<\/div>\n\t\t\t\t<\/div>\n\t\t\t\t\t<\/div>\n\t\t\t\t<\/div>\n\t\t<div class=\"elementor-element elementor-element-2f820e3 e-flex e-con-boxed e-con e-parent\" data-id=\"2f820e3\" data-element_type=\"container\" data-e-type=\"container\">\n\t\t\t\t\t<div class=\"e-con-inner\">\n\t\t\t\t<div class=\"elementor-element elementor-element-f2131bc elementor-widget elementor-widget-text-editor\" data-id=\"f2131bc\" data-element_type=\"widget\" data-e-type=\"widget\" data-widget_type=\"text-editor.default\">\n\t\t\t\t<div class=\"elementor-widget-container\">\n\t\t\t\t\t\t\t\t\t<p>Dirigida por el equipo de Ciudades Saludables de Bax, la estrategia 22+ fue elogiada por la ciudad por su atenci\u00f3n a la salud. Entretejida en toda la propuesta de movilidad, dise\u00f1o de calles, jerarqu\u00edas viarias y estrategia industrial, est\u00e1 la atenci\u00f3n a la promoci\u00f3n de estilos de vida saludables. Los paseos a pie y en bicicleta, el tiempo en los espacios verdes y los centros de participaci\u00f3n comunitaria contribuir\u00e1n a hacer de Bes\u00f2s un lugar m\u00e1s sano para vivir y trabajar.    <\/p>\n\t\t\t\t\t\t\t\t<\/div>\n\t\t\t\t<\/div>\n\t\t<div class=\"elementor-element elementor-element-0bf0604 e-con-full e-flex e-con e-child\" data-id=\"0bf0604\" data-element_type=\"container\" data-e-type=\"container\" data-settings=\"{&quot;background_background&quot;:&quot;classic&quot;}\">\n\t\t\t\t<div class=\"elementor-element elementor-element-c61b6c8 elementor-widget__width-initial elementor-widget elementor-widget-text-editor\" data-id=\"c61b6c8\" data-element_type=\"widget\" data-e-type=\"widget\" data-widget_type=\"text-editor.default\">\n\t\t\t\t<div class=\"elementor-widget-container\">\n\t\t\t\t\t\t\t\t\t<p>Los residentes del Bes\u00f2s padecen mayores niveles de obesidad, diabetes y problemas de salud mental que el resto de la ciudad. Vimos la regeneraci\u00f3n de la zona como una oportunidad ideal para situar la vida sana en el centro del dise\u00f1o del distrito. La estrategia 22+ significa que esta regeneraci\u00f3n \u00fanica mejorar\u00e1 el bienestar de al menos tres generaciones de residentes del Bes\u00f2s.  <\/p>\n\t\t\t\t\t\t\t\t<\/div>\n\t\t\t\t<\/div>\n\t\t\t\t<div class=\"elementor-element elementor-element-bc0b20e elementor-widget__width-initial elementor-widget elementor-widget-text-editor\" data-id=\"bc0b20e\" data-element_type=\"widget\" data-e-type=\"widget\" data-widget_type=\"text-editor.default\">\n\t\t\t\t<div class=\"elementor-widget-container\">\n\t\t\t\t\t\t\t\t\t<p>&#8211; Marta Rofin Serra, Responsable de Ciudades Saludables en Bax<\/p>\n\t\t\t\t\t\t\t\t<\/div>\n\t\t\t\t<\/div>\n\t\t\t\t<\/div>\n\t\t\t\t\t<\/div>\n\t\t\t\t<\/div>\n\t\t<div class=\"elementor-element elementor-element-9ccb0a4 e-flex e-con-boxed e-con e-parent\" data-id=\"9ccb0a4\" data-element_type=\"container\" data-e-type=\"container\">\n\t\t\t\t\t<div class=\"e-con-inner\">\n\t\t\t\t<div data-dce-text-color=\"#00B398\" class=\"elementor-element elementor-element-9ae45ce elementor-widget elementor-widget-text-editor\" data-id=\"9ae45ce\" data-element_type=\"widget\" data-e-type=\"widget\" data-widget_type=\"text-editor.default\">\n\t\t\t\t<div class=\"elementor-widget-container\">\n\t\t\t\t\t\t\t\t\t<p>Explora 22+<\/p>\n\t\t\t\t\t\t\t\t<\/div>\n\t\t\t\t<\/div>\n\t\t\t\t<div class=\"elementor-element elementor-element-d303a3a elementor-widget elementor-widget-text-editor\" data-id=\"d303a3a\" data-element_type=\"widget\" data-e-type=\"widget\" data-widget_type=\"text-editor.default\">\n\t\t\t\t<div class=\"elementor-widget-container\">\n\t\t\t\t\t\t\t\t\t<p><b>Calles verdes para desplazamientos activos y juegos<\/b><\/p>\n\t\t\t\t\t\t\t\t<\/div>\n\t\t\t\t<\/div>\n\t\t\t\t\t<\/div>\n\t\t\t\t<\/div>\n\t\t<div class=\"elementor-element elementor-element-168e80b e-flex e-con-boxed e-con e-parent\" data-id=\"168e80b\" data-element_type=\"container\" data-e-type=\"container\">\n\t\t\t\t\t<div class=\"e-con-inner\">\n\t\t\t\t<div class=\"elementor-element elementor-element-e4c4244 elementor-widget elementor-widget-text-editor\" data-id=\"e4c4244\" data-element_type=\"widget\" data-e-type=\"widget\" data-widget_type=\"text-editor.default\">\n\t\t\t\t<div class=\"elementor-widget-container\">\n\t\t\t\t\t\t\t\t\t<p>El acceso a los espacios verdes desempe\u00f1a un papel importante en los resultados de salud f\u00edsica y mental en las ciudades. La iniciativa 22+ pretende duplicar el espacio verde disponible en el Bes\u00f2s, pasando de 2,5 m a 5 m por cada <sup>100<\/sup> m2.   <\/p>\n<p>Esto se conseguir\u00e1 mediante la creaci\u00f3n de 7 nuevas v\u00edas verdes, conocidas como \u00abEjes Verdes\u00bb. Conectando el parque ribere\u00f1o del distrito con el proyectado Parque de la Sagrera, los Ejes proporcionar\u00e1n agradables caminos para pasear a pie y en bicicleta por el distrito. Se crear\u00e1n espacios p\u00fablicos a lo largo de los Ejes, desde peque\u00f1as zonas de reuni\u00f3n para picnics familiares hasta amplios espacios verdes para paseos m\u00e1s largos.  <\/p>\n<p>El r\u00edo Bes\u00f2s, <a href=\"https:\/\/www.barcelona-metropolitan.com\/living\/besos-river-park-a-recovered-wetland-sanctuary\/\">origen de la regeneraci\u00f3n de la zona en los a\u00f1os 90<\/a>, tambi\u00e9n desempe\u00f1a un papel. La estrategia propone construir nuevos puentes sobre el r\u00edo para mejorar la conectividad entre las riberas, mejorar el acceso al parque fluvial y hacer m\u00e1s atractivas la bicicleta y los paseos a pie. 22+ prev\u00e9 un frente fluvial del Bes\u00f2s vibrante en el que caf\u00e9s, restaurantes, comercios e instituciones culturales bordeen la ribera.  <\/p>\n\t\t\t\t\t\t\t\t<\/div>\n\t\t\t\t<\/div>\n\t\t\t\t<div class=\"elementor-element elementor-element-16c3c26 dce_masking-none elementor-widget elementor-widget-image\" data-id=\"16c3c26\" data-element_type=\"widget\" data-e-type=\"widget\" data-widget_type=\"image.default\">\n\t\t\t\t<div class=\"elementor-widget-container\">\n\t\t\t\t\t\t\t\t\t\t\t\t\t\t\t<img decoding=\"async\" width=\"2560\" height=\"1707\" src=\"https:\/\/baxcompany.com\/wp-content\/uploads\/2024\/05\/1-2.png\" class=\"attachment-full size-full wp-image-8924\" alt=\"\" srcset=\"https:\/\/baxcompany.com\/wp-content\/uploads\/2024\/05\/1-2.png 2560w, https:\/\/baxcompany.com\/wp-content\/uploads\/2024\/05\/1-2-300x200.png 300w, https:\/\/baxcompany.com\/wp-content\/uploads\/2024\/05\/1-2-1024x683.png 1024w, https:\/\/baxcompany.com\/wp-content\/uploads\/2024\/05\/1-2-768x512.png 768w, https:\/\/baxcompany.com\/wp-content\/uploads\/2024\/05\/1-2-1536x1024.png 1536w, https:\/\/baxcompany.com\/wp-content\/uploads\/2024\/05\/1-2-2048x1366.png 2048w\" sizes=\"(max-width: 2560px) 100vw, 2560px\" \/>\t\t\t\t\t\t\t\t\t\t\t\t\t\t\t<\/div>\n\t\t\t\t<\/div>\n\t\t\t\t\t<\/div>\n\t\t\t\t<\/div>\n\t\t<div class=\"elementor-element elementor-element-f8793e3 e-flex e-con-boxed e-con e-parent\" data-id=\"f8793e3\" data-element_type=\"container\" data-e-type=\"container\">\n\t\t\t\t\t<div class=\"e-con-inner\">\n\t\t\t\t<div class=\"elementor-element elementor-element-4bc1642 elementor-widget elementor-widget-text-editor\" data-id=\"4bc1642\" data-element_type=\"widget\" data-e-type=\"widget\" data-widget_type=\"text-editor.default\">\n\t\t\t\t<div class=\"elementor-widget-container\">\n\t\t\t\t\t\t\t\t\t<p><b>Empleos de alta calidad y energ\u00eda verde en un nuevo ecosistema de innovaci\u00f3n<\/b><\/p>\n\t\t\t\t\t\t\t\t<\/div>\n\t\t\t\t<\/div>\n\t\t\t\t\t<\/div>\n\t\t\t\t<\/div>\n\t\t<div class=\"elementor-element elementor-element-ac37a57 e-flex e-con-boxed e-con e-parent\" data-id=\"ac37a57\" data-element_type=\"container\" data-e-type=\"container\">\n\t\t\t\t\t<div class=\"e-con-inner\">\n\t\t\t\t<div class=\"elementor-element elementor-element-752e4b9 elementor-widget elementor-widget-text-editor\" data-id=\"752e4b9\" data-element_type=\"widget\" data-e-type=\"widget\" data-widget_type=\"text-editor.default\">\n\t\t\t\t<div class=\"elementor-widget-container\">\n\t\t\t\t\t\t\t\t\t<p>En los \u00faltimos a\u00f1os, el distrito industrial del Bes\u00f2s ha estado cada vez m\u00e1s dominado por grandes centros log\u00edsticos para el comercio electr\u00f3nico. Aunque estas empresas son importantes fuentes de empleo, su gran huella y su falta de interacci\u00f3n con los barrios locales exigen un replanteamiento de c\u00f3mo se integra la industria en la zona. <\/p>\n<p>La Estrategia 22+ lo hace reimaginando el papel de la industria urbana, proponiendo un ecosistema para la producci\u00f3n local y la innovaci\u00f3n. La estrategia propuesta pretende atraer a empresas innovadoras, trasladando las actividades de almacenamiento y log\u00edstica que han llegado a dominar el distrito a ubicaciones exteriores.   <\/p>\n<p>22+ tambi\u00e9n prev\u00e9 una transformaci\u00f3n energ\u00e9tica verde en la regi\u00f3n, creando una fuente de energ\u00eda renovable de bajo coste que actuar\u00e1 como ventaja competitiva para la regi\u00f3n. La Estrategia pretende generar 84,9 GWh anuales mediante paneles fotovoltaicos. Esto calificar\u00e1 a la comarca del Bes\u00f2s como uno de los \u00abbarrios de energ\u00eda positiva\u00bb de Europa, al generar el 112% de sus necesidades energ\u00e9ticas locales.  <\/p>\n\t\t\t\t\t\t\t\t<\/div>\n\t\t\t\t<\/div>\n\t\t\t\t<div class=\"elementor-element elementor-element-696806c dce_masking-none elementor-widget elementor-widget-image\" data-id=\"696806c\" data-element_type=\"widget\" data-e-type=\"widget\" data-widget_type=\"image.default\">\n\t\t\t\t<div class=\"elementor-widget-container\">\n\t\t\t\t\t\t\t\t\t\t\t\t\t\t\t<img decoding=\"async\" width=\"2560\" height=\"1707\" src=\"https:\/\/baxcompany.com\/wp-content\/uploads\/2024\/05\/2-3.png\" class=\"attachment-full size-full wp-image-8929\" alt=\"\" srcset=\"https:\/\/baxcompany.com\/wp-content\/uploads\/2024\/05\/2-3.png 2560w, https:\/\/baxcompany.com\/wp-content\/uploads\/2024\/05\/2-3-300x200.png 300w, https:\/\/baxcompany.com\/wp-content\/uploads\/2024\/05\/2-3-1024x683.png 1024w, https:\/\/baxcompany.com\/wp-content\/uploads\/2024\/05\/2-3-768x512.png 768w, https:\/\/baxcompany.com\/wp-content\/uploads\/2024\/05\/2-3-1536x1024.png 1536w, https:\/\/baxcompany.com\/wp-content\/uploads\/2024\/05\/2-3-2048x1366.png 2048w\" sizes=\"(max-width: 2560px) 100vw, 2560px\" \/>\t\t\t\t\t\t\t\t\t\t\t\t\t\t\t<\/div>\n\t\t\t\t<\/div>\n\t\t\t\t\t<\/div>\n\t\t\t\t<\/div>\n\t\t<div class=\"elementor-element elementor-element-f584810 e-flex e-con-boxed e-con e-parent\" data-id=\"f584810\" data-element_type=\"container\" data-e-type=\"container\">\n\t\t\t\t\t<div class=\"e-con-inner\">\n\t\t\t\t<div class=\"elementor-element elementor-element-b5b187c elementor-widget elementor-widget-text-editor\" data-id=\"b5b187c\" data-element_type=\"widget\" data-e-type=\"widget\" data-widget_type=\"text-editor.default\">\n\t\t\t\t<div class=\"elementor-widget-container\">\n\t\t\t\t\t\t\t\t\t<p><b>Un dise\u00f1o polic\u00e9ntrico con m\u00faltiples centros comunitarios<\/b><\/p>\n\t\t\t\t\t\t\t\t<\/div>\n\t\t\t\t<\/div>\n\t\t\t\t\t<\/div>\n\t\t\t\t<\/div>\n\t\t<div class=\"elementor-element elementor-element-7b9b1a0 e-flex e-con-boxed e-con e-parent\" data-id=\"7b9b1a0\" data-element_type=\"container\" data-e-type=\"container\">\n\t\t\t\t\t<div class=\"e-con-inner\">\n\t\t\t\t<div class=\"elementor-element elementor-element-0ab7f63 elementor-widget elementor-widget-text-editor\" data-id=\"0ab7f63\" data-element_type=\"widget\" data-e-type=\"widget\" data-widget_type=\"text-editor.default\">\n\t\t\t\t<div class=\"elementor-widget-container\">\n\t\t\t\t\t\t\t\t\t<p>Una innovaci\u00f3n central de 22+ es su dise\u00f1o polic\u00e9ntrico. En lugar de concentrar todos los servicios importantes en un n\u00facleo, el dise\u00f1o polic\u00e9ntrico crear\u00e1 tres centros, garantizando que todos los residentes puedan acceder a servicios importantes cercanos. Esto tambi\u00e9n contribuir\u00e1 a la formaci\u00f3n de comunidades locales fuertes. Los tres \u00abnodos\u00bb del dise\u00f1o polic\u00e9ntrico est\u00e1n situados junto a espacios verdes p\u00fablicos que pueden albergar actividades deportivas, de ocio o culturales para los residentes de la zona.   <\/p>\n<p>Cada uno de estos centros acoger\u00e1 tambi\u00e9n diversos servicios compartidos, como un Laboratorio de Materiales que promover\u00e1 los usos circulares de los residuos en la regi\u00f3n, servicios de uso compartido de veh\u00edculos, un centro log\u00edstico con un sistema de distribuci\u00f3n de bicicletas de carga para entregas de \u00faltima milla a pedales, as\u00ed como estaciones para bicicletas compartidas.<\/p>\n\t\t\t\t\t\t\t\t<\/div>\n\t\t\t\t<\/div>\n\t\t\t\t<div class=\"elementor-element elementor-element-f3ad28a dce_masking-none elementor-widget elementor-widget-image\" data-id=\"f3ad28a\" data-element_type=\"widget\" data-e-type=\"widget\" data-widget_type=\"image.default\">\n\t\t\t\t<div class=\"elementor-widget-container\">\n\t\t\t\t\t\t\t\t\t\t\t\t\t\t\t<img loading=\"lazy\" decoding=\"async\" width=\"2560\" height=\"1707\" src=\"https:\/\/baxcompany.com\/wp-content\/uploads\/2024\/05\/friends-sitting-at-sidewalk-cafe-in-town-square-2021-08-29-00-54-25-utc-scaled-1.jpg\" class=\"attachment-full size-full wp-image-8914\" alt=\"\" srcset=\"https:\/\/baxcompany.com\/wp-content\/uploads\/2024\/05\/friends-sitting-at-sidewalk-cafe-in-town-square-2021-08-29-00-54-25-utc-scaled-1.jpg 2560w, https:\/\/baxcompany.com\/wp-content\/uploads\/2024\/05\/friends-sitting-at-sidewalk-cafe-in-town-square-2021-08-29-00-54-25-utc-scaled-1-300x200.jpg 300w, https:\/\/baxcompany.com\/wp-content\/uploads\/2024\/05\/friends-sitting-at-sidewalk-cafe-in-town-square-2021-08-29-00-54-25-utc-scaled-1-1024x683.jpg 1024w, https:\/\/baxcompany.com\/wp-content\/uploads\/2024\/05\/friends-sitting-at-sidewalk-cafe-in-town-square-2021-08-29-00-54-25-utc-scaled-1-768x512.jpg 768w, https:\/\/baxcompany.com\/wp-content\/uploads\/2024\/05\/friends-sitting-at-sidewalk-cafe-in-town-square-2021-08-29-00-54-25-utc-scaled-1-1536x1024.jpg 1536w, https:\/\/baxcompany.com\/wp-content\/uploads\/2024\/05\/friends-sitting-at-sidewalk-cafe-in-town-square-2021-08-29-00-54-25-utc-scaled-1-2048x1366.jpg 2048w\" sizes=\"(max-width: 2560px) 100vw, 2560px\" \/>\t\t\t\t\t\t\t\t\t\t\t\t\t\t\t<\/div>\n\t\t\t\t<\/div>\n\t\t\t\t\t<\/div>\n\t\t\t\t<\/div>\n\t\t<div class=\"elementor-element elementor-element-6866b9a e-flex e-con-boxed e-con e-parent\" data-id=\"6866b9a\" data-element_type=\"container\" data-e-type=\"container\">\n\t\t\t\t\t<div class=\"e-con-inner\">\n\t\t\t\t<div class=\"elementor-element elementor-element-1604bd9 elementor-widget elementor-widget-text-editor\" data-id=\"1604bd9\" data-element_type=\"widget\" data-e-type=\"widget\" data-widget_type=\"text-editor.default\">\n\t\t\t\t<div class=\"elementor-widget-container\">\n\t\t\t\t\t\t\t\t\t<p><b>Reimaginar las carreteras para la movilidad activa<\/b><\/p>\n\t\t\t\t\t\t\t\t<\/div>\n\t\t\t\t<\/div>\n\t\t\t\t\t<\/div>\n\t\t\t\t<\/div>\n\t\t<div class=\"elementor-element elementor-element-ca01c70 e-flex e-con-boxed e-con e-parent\" data-id=\"ca01c70\" data-element_type=\"container\" data-e-type=\"container\">\n\t\t\t\t\t<div class=\"e-con-inner\">\n\t\t\t\t<div class=\"elementor-element elementor-element-11b95e4 elementor-widget elementor-widget-text-editor\" data-id=\"11b95e4\" data-element_type=\"widget\" data-e-type=\"widget\" data-widget_type=\"text-editor.default\">\n\t\t\t\t<div class=\"elementor-widget-container\">\n\t\t\t\t\t\t\t\t\t<div class=\"vc_col-sm-6 wpb_column column_container jupiter-donut- _ jupiter-donut-height-full\">\n<div class=\" vc_custom_1699263323884\">\n<div id=\"text-block-35\" class=\"mk-text-block jupiter-donut- \">\n<p>Actualmente, el 68% de los residentes del Bes\u00f2s dependen del coche para ir a trabajar, y s\u00f3lo el 10% lo hacen a pie o en bicicleta. 22+ se bas\u00f3 en la amplia experiencia de Bax en movilidad de personas y mercanc\u00edas para reorientar la \u00abjerarqu\u00eda viaria\u00bb que equilibra las necesidades de la industria de la zona con formas activas de movilidad.   <\/p>\n<p>La soluci\u00f3n es un trazado viario con tres niveles: arterias principales para los grandes veh\u00edculos que apoyan a la industria, una red de distribuci\u00f3n para los veh\u00edculos m\u00e1s peque\u00f1os dentro de cada pol\u00edgono, y grandes \u00absupermanzanas\u00bb en las que tienen prioridad los desplazamientos a pie y en bicicleta.  <\/p>\n<p>Para fomentar el uso de formas de transporte sostenibles, se incluyeron en la estrategia seis microcentros, dotados de instalaciones para bicicletas, transporte p\u00fablico, aparcamientos para bicicletas y amplias opciones para cargar veh\u00edculos el\u00e9ctricos, compartir el coche y otros servicios. Se mejorar\u00e1 la infraestructura ciclista y se dise\u00f1ar\u00e1n nuevos carriles para bicicletas de carga que permitan un reparto sostenible en el \u00faltimo kil\u00f3metro. <\/p>\n<\/div>\n<\/div>\n<\/div>\n\t\t\t\t\t\t\t\t<\/div>\n\t\t\t\t<\/div>\n\t\t\t\t\t<\/div>\n\t\t\t\t<\/div>\n\t\t<div class=\"elementor-element elementor-element-325f80d e-flex e-con-boxed e-con e-parent\" data-id=\"325f80d\" data-element_type=\"container\" data-e-type=\"container\">\n\t\t\t\t\t<div class=\"e-con-inner\">\n\t\t\t\t<div class=\"elementor-element elementor-element-07f856a dce_masking-none elementor-widget elementor-widget-image\" data-id=\"07f856a\" data-element_type=\"widget\" data-e-type=\"widget\" data-widget_type=\"image.default\">\n\t\t\t\t<div class=\"elementor-widget-container\">\n\t\t\t\t\t\t\t\t\t\t\t\t\t\t\t<img loading=\"lazy\" decoding=\"async\" width=\"2560\" height=\"1707\" src=\"https:\/\/baxcompany.com\/wp-content\/uploads\/2024\/05\/3-3.png\" class=\"attachment-full size-full wp-image-8934\" alt=\"\" srcset=\"https:\/\/baxcompany.com\/wp-content\/uploads\/2024\/05\/3-3.png 2560w, https:\/\/baxcompany.com\/wp-content\/uploads\/2024\/05\/3-3-300x200.png 300w, https:\/\/baxcompany.com\/wp-content\/uploads\/2024\/05\/3-3-1024x683.png 1024w, https:\/\/baxcompany.com\/wp-content\/uploads\/2024\/05\/3-3-768x512.png 768w, https:\/\/baxcompany.com\/wp-content\/uploads\/2024\/05\/3-3-1536x1024.png 1536w, https:\/\/baxcompany.com\/wp-content\/uploads\/2024\/05\/3-3-2048x1366.png 2048w\" sizes=\"(max-width: 2560px) 100vw, 2560px\" \/>\t\t\t\t\t\t\t\t\t\t\t\t\t\t\t<\/div>\n\t\t\t\t<\/div>\n\t\t\t\t\t<\/div>\n\t\t\t\t<\/div>\n\t\t<div class=\"elementor-element elementor-element-12f0d9c e-flex e-con-boxed e-con e-parent\" data-id=\"12f0d9c\" data-element_type=\"container\" data-e-type=\"container\">\n\t\t\t\t\t<div class=\"e-con-inner\">\n\t\t\t\t<div data-dce-text-color=\"#00B398\" class=\"elementor-element elementor-element-dd317f1 elementor-widget elementor-widget-text-editor\" data-id=\"dd317f1\" data-element_type=\"widget\" data-e-type=\"widget\" data-widget_type=\"text-editor.default\">\n\t\t\t\t<div class=\"elementor-widget-container\">\n\t\t\t\t\t\t\t\t\t<p>Pr\u00f3ximos pasos en el barrio del Bes\u00f2s<\/p>\n\t\t\t\t\t\t\t\t<\/div>\n\t\t\t\t<\/div>\n\t\t\t\t<div class=\"elementor-element elementor-element-822bb89 elementor-widget elementor-widget-text-editor\" data-id=\"822bb89\" data-element_type=\"widget\" data-e-type=\"widget\" data-widget_type=\"text-editor.default\">\n\t\t\t\t<div class=\"elementor-widget-container\">\n\t\t\t\t\t\t\t\t\t<p>Tras la presentaci\u00f3n del estudio, el Ayuntamiento de Barcelona incorporar\u00e1 la estrategia 22+ a su proceso de planificaci\u00f3n.  <\/p>\n<p><strong>\u00abNos entusiasma ver c\u00f3mo crece y se desarrolla el Distrito de la Innovaci\u00f3n del Bes\u00f2s en las pr\u00f3ximas d\u00e9cadas. Esperamos que el desarrollo del Bes\u00f2s inspire a otras ciudades a abordar sus propias regiones industriales, demostrando que una planificaci\u00f3n urbana cuidadosa puede plantar salud y prosperidad en el coraz\u00f3n de cualquier proyecto de regeneraci\u00f3n\u00bb<\/strong>, dijo Sebastiaan van Herk.<\/p>\n\t\t\t\t\t\t\t\t<\/div>\n\t\t\t\t<\/div>\n\t\t\t\t\t<\/div>\n\t\t\t\t<\/div>\n\t\t<div class=\"elementor-element elementor-element-4f6a7d7 e-flex e-con-boxed e-con e-parent\" data-id=\"4f6a7d7\" data-element_type=\"container\" data-e-type=\"container\">\n\t\t\t\t\t<div class=\"e-con-inner\">\n\t\t\t\t<div data-dce-text-color=\"#00B398\" class=\"elementor-element elementor-element-e95394f elementor-widget elementor-widget-text-editor\" data-id=\"e95394f\" data-element_type=\"widget\" data-e-type=\"widget\" data-widget_type=\"text-editor.default\">\n\t\t\t\t<div class=\"elementor-widget-container\">\n\t\t\t\t\t\t\t\t\t<p>M\u00e1s informaci\u00f3n sobre la revitalizaci\u00f3n urbana<\/p>\n\t\t\t\t\t\t\t\t<\/div>\n\t\t\t\t<\/div>\n\t\t\t\t<div class=\"elementor-element elementor-element-048da74 elementor-widget elementor-widget-text-editor\" data-id=\"048da74\" data-element_type=\"widget\" data-e-type=\"widget\" data-widget_type=\"text-editor.default\">\n\t\t\t\t<div class=\"elementor-widget-container\">\n\t\t\t\t\t\t\t\t\t<p>Si quieres saber m\u00e1s sobre la Iniciativa Estrat\u00e9gica Bes\u00f2s 22+, ponte en contacto con un miembro de nuestro equipo.<\/p>\n\t\t\t\t\t\t\t\t<\/div>\n\t\t\t\t<\/div>\n\t\t\t\t\t<\/div>\n\t\t\t\t<\/div>\n\t\t\t\t<\/div>\n\t\t","protected":false},"excerpt":{"rendered":"<p>El Ayuntamiento de Barcelona ha concedido a Bax la oportunidad de crear una estrategia de reurbanizaci\u00f3n para uno de los mayores distritos industriales de la ciudad. El barrio que rodea la zona industrial es una de las \u00e1reas m\u00e1s deprimidas de Barcelona, con una esperanza de vida 12 a\u00f1os inferior a la de zonas m\u00e1s [&hellip;]<\/p>\n","protected":false},"author":4,"featured_media":8879,"comment_status":"closed","ping_status":"closed","sticky":false,"template":"","format":"standard","meta":{"_acf_changed":false,"_monsterinsights_skip_tracking":false,"_monsterinsights_sitenote_active":false,"_monsterinsights_sitenote_note":"","_monsterinsights_sitenote_category":0,"_jetpack_memberships_contains_paid_content":false,"footnotes":""},"categories":[141,85],"tags":[391,127,390],"class_list":["post-8869","post","type-post","status-publish","format-standard","has-post-thumbnail","hentry","category-perspectivas","category-sin-categorizar","tag-naturaleza","tag-salud","tag-urbano"],"acf":[],"yoast_head":"<!-- This site is optimized with the Yoast SEO plugin v27.5 - https:\/\/yoast.com\/product\/yoast-seo-wordpress\/ -->\n<title>Revitalizar el barrio industrial del Bes\u00f2s de Barcelona mediante un urbanismo saludable - Bax<\/title>\n<meta name=\"description\" content=\"El Ayuntamiento de Barcelona ha concedido a Bax la oportunidad de crear una estrategia de reurbanizaci\u00f3n para uno de los mayores distritos industriales de la ciudad. El barrio que rodea la zona industrial es una de las \u00e1reas m\u00e1s deprimidas de Barcelona, con una esperanza de vida 12 a\u00f1os inferior a la de zonas m\u00e1s pr\u00f3speras de la ciudad. Nuestra estrategia imagina un Distrito de la Innovaci\u00f3n que proporcionar\u00e1 a los residentes y empresas del Bes\u00f2s puestos de trabajo de alta calidad, abundantes espacios verdes y un dise\u00f1o saludable de las calles.\" \/>\n<meta name=\"robots\" content=\"index, follow, max-snippet:-1, max-image-preview:large, max-video-preview:-1\" \/>\n<link rel=\"canonical\" href=\"https:\/\/baxcompany.com\/es\/bax-company-se-convierte-en-bax-2\/\" \/>\n<meta property=\"og:locale\" content=\"es_ES\" \/>\n<meta property=\"og:type\" content=\"article\" \/>\n<meta property=\"og:title\" content=\"Revitalizar el barrio industrial del Bes\u00f2s de Barcelona mediante un urbanismo saludable - Bax\" \/>\n<meta property=\"og:description\" content=\"El Ayuntamiento de Barcelona ha concedido a Bax la oportunidad de crear una estrategia de reurbanizaci\u00f3n para uno de los mayores distritos industriales de la ciudad. El barrio que rodea la zona industrial es una de las \u00e1reas m\u00e1s deprimidas de Barcelona, con una esperanza de vida 12 a\u00f1os inferior a la de zonas m\u00e1s pr\u00f3speras de la ciudad. Nuestra estrategia imagina un Distrito de la Innovaci\u00f3n que proporcionar\u00e1 a los residentes y empresas del Bes\u00f2s puestos de trabajo de alta calidad, abundantes espacios verdes y un dise\u00f1o saludable de las calles.\" \/>\n<meta property=\"og:url\" content=\"https:\/\/baxcompany.com\/es\/bax-company-se-convierte-en-bax-2\/\" \/>\n<meta property=\"og:site_name\" content=\"Bax\" \/>\n<meta property=\"article:published_time\" content=\"2024-05-30T10:54:36+00:00\" \/>\n<meta property=\"article:modified_time\" content=\"2024-11-12T10:25:03+00:00\" \/>\n<meta property=\"og:image\" content=\"https:\/\/baxcompany.com\/wp-content\/uploads\/2024\/05\/istock-1265083635-1-scaled-1.jpg\" \/>\n\t<meta property=\"og:image:width\" content=\"2560\" \/>\n\t<meta property=\"og:image:height\" content=\"1705\" \/>\n\t<meta property=\"og:image:type\" content=\"image\/jpeg\" \/>\n<meta name=\"author\" content=\"Amy McCready\" \/>\n<meta name=\"twitter:card\" content=\"summary_large_image\" \/>\n<meta name=\"twitter:label1\" content=\"Escrito por\" \/>\n\t<meta name=\"twitter:data1\" content=\"Amy McCready\" \/>\n\t<meta name=\"twitter:label2\" content=\"Tiempo de lectura\" \/>\n\t<meta name=\"twitter:data2\" content=\"8 minutos\" \/>\n<script type=\"application\/ld+json\" class=\"yoast-schema-graph\">{\"@context\":\"https:\\\/\\\/schema.org\",\"@graph\":[{\"@type\":\"Article\",\"@id\":\"https:\\\/\\\/baxcompany.com\\\/es\\\/bax-company-se-convierte-en-bax-2\\\/#article\",\"isPartOf\":{\"@id\":\"https:\\\/\\\/baxcompany.com\\\/es\\\/bax-company-se-convierte-en-bax-2\\\/\"},\"author\":{\"name\":\"Amy McCready\",\"@id\":\"https:\\\/\\\/baxcompany.com\\\/es\\\/#\\\/schema\\\/person\\\/700b0fea733ef875bcfc2688a1e841d3\"},\"headline\":\"Revitalizar el barrio industrial del Bes\u00f2s de Barcelona mediante un urbanismo saludable\",\"datePublished\":\"2024-05-30T10:54:36+00:00\",\"dateModified\":\"2024-11-12T10:25:03+00:00\",\"mainEntityOfPage\":{\"@id\":\"https:\\\/\\\/baxcompany.com\\\/es\\\/bax-company-se-convierte-en-bax-2\\\/\"},\"wordCount\":1684,\"publisher\":{\"@id\":\"https:\\\/\\\/baxcompany.com\\\/es\\\/#organization\"},\"image\":{\"@id\":\"https:\\\/\\\/baxcompany.com\\\/es\\\/bax-company-se-convierte-en-bax-2\\\/#primaryimage\"},\"thumbnailUrl\":\"https:\\\/\\\/baxcompany.com\\\/wp-content\\\/uploads\\\/2024\\\/05\\\/istock-1265083635-1-scaled-1.jpg\",\"keywords\":[\"Naturaleza\",\"Salud\",\"Urbano\"],\"articleSection\":[\"Perspectivas\",\"Sin categorizar\"],\"inLanguage\":\"es\"},{\"@type\":\"WebPage\",\"@id\":\"https:\\\/\\\/baxcompany.com\\\/es\\\/bax-company-se-convierte-en-bax-2\\\/\",\"url\":\"https:\\\/\\\/baxcompany.com\\\/es\\\/bax-company-se-convierte-en-bax-2\\\/\",\"name\":\"Revitalizar el barrio industrial del Bes\u00f2s de Barcelona mediante un urbanismo saludable - Bax\",\"isPartOf\":{\"@id\":\"https:\\\/\\\/baxcompany.com\\\/es\\\/#website\"},\"primaryImageOfPage\":{\"@id\":\"https:\\\/\\\/baxcompany.com\\\/es\\\/bax-company-se-convierte-en-bax-2\\\/#primaryimage\"},\"image\":{\"@id\":\"https:\\\/\\\/baxcompany.com\\\/es\\\/bax-company-se-convierte-en-bax-2\\\/#primaryimage\"},\"thumbnailUrl\":\"https:\\\/\\\/baxcompany.com\\\/wp-content\\\/uploads\\\/2024\\\/05\\\/istock-1265083635-1-scaled-1.jpg\",\"datePublished\":\"2024-05-30T10:54:36+00:00\",\"dateModified\":\"2024-11-12T10:25:03+00:00\",\"description\":\"El Ayuntamiento de Barcelona ha concedido a Bax la oportunidad de crear una estrategia de reurbanizaci\u00f3n para uno de los mayores distritos industriales de la ciudad. El barrio que rodea la zona industrial es una de las \u00e1reas m\u00e1s deprimidas de Barcelona, con una esperanza de vida 12 a\u00f1os inferior a la de zonas m\u00e1s pr\u00f3speras de la ciudad. Nuestra estrategia imagina un Distrito de la Innovaci\u00f3n que proporcionar\u00e1 a los residentes y empresas del Bes\u00f2s puestos de trabajo de alta calidad, abundantes espacios verdes y un dise\u00f1o saludable de las calles.\",\"breadcrumb\":{\"@id\":\"https:\\\/\\\/baxcompany.com\\\/es\\\/bax-company-se-convierte-en-bax-2\\\/#breadcrumb\"},\"inLanguage\":\"es\",\"potentialAction\":[{\"@type\":\"ReadAction\",\"target\":[\"https:\\\/\\\/baxcompany.com\\\/es\\\/bax-company-se-convierte-en-bax-2\\\/\"]}]},{\"@type\":\"ImageObject\",\"inLanguage\":\"es\",\"@id\":\"https:\\\/\\\/baxcompany.com\\\/es\\\/bax-company-se-convierte-en-bax-2\\\/#primaryimage\",\"url\":\"https:\\\/\\\/baxcompany.com\\\/wp-content\\\/uploads\\\/2024\\\/05\\\/istock-1265083635-1-scaled-1.jpg\",\"contentUrl\":\"https:\\\/\\\/baxcompany.com\\\/wp-content\\\/uploads\\\/2024\\\/05\\\/istock-1265083635-1-scaled-1.jpg\",\"width\":2560,\"height\":1705},{\"@type\":\"BreadcrumbList\",\"@id\":\"https:\\\/\\\/baxcompany.com\\\/es\\\/bax-company-se-convierte-en-bax-2\\\/#breadcrumb\",\"itemListElement\":[{\"@type\":\"ListItem\",\"position\":1,\"name\":\"Home\",\"item\":\"https:\\\/\\\/baxcompany.com\\\/es\\\/home\\\/\"},{\"@type\":\"ListItem\",\"position\":2,\"name\":\"Revitalizar el barrio industrial del Bes\u00f2s de Barcelona mediante un urbanismo saludable\"}]},{\"@type\":\"WebSite\",\"@id\":\"https:\\\/\\\/baxcompany.com\\\/es\\\/#website\",\"url\":\"https:\\\/\\\/baxcompany.com\\\/es\\\/\",\"name\":\"Bax\",\"description\":\"Innovation consultancy specialising in pilots, funding and collaborations\",\"publisher\":{\"@id\":\"https:\\\/\\\/baxcompany.com\\\/es\\\/#organization\"},\"potentialAction\":[{\"@type\":\"SearchAction\",\"target\":{\"@type\":\"EntryPoint\",\"urlTemplate\":\"https:\\\/\\\/baxcompany.com\\\/es\\\/?s={search_term_string}\"},\"query-input\":{\"@type\":\"PropertyValueSpecification\",\"valueRequired\":true,\"valueName\":\"search_term_string\"}}],\"inLanguage\":\"es\"},{\"@type\":\"Organization\",\"@id\":\"https:\\\/\\\/baxcompany.com\\\/es\\\/#organization\",\"name\":\"Bax\",\"url\":\"https:\\\/\\\/baxcompany.com\\\/es\\\/\",\"logo\":{\"@type\":\"ImageObject\",\"inLanguage\":\"es\",\"@id\":\"https:\\\/\\\/baxcompany.com\\\/es\\\/#\\\/schema\\\/logo\\\/image\\\/\",\"url\":\"https:\\\/\\\/baxcompany.com\\\/wp-content\\\/uploads\\\/2024\\\/05\\\/cropped-Bax-favicon.png\",\"contentUrl\":\"https:\\\/\\\/baxcompany.com\\\/wp-content\\\/uploads\\\/2024\\\/05\\\/cropped-Bax-favicon.png\",\"width\":512,\"height\":512,\"caption\":\"Bax\"},\"image\":{\"@id\":\"https:\\\/\\\/baxcompany.com\\\/es\\\/#\\\/schema\\\/logo\\\/image\\\/\"}},{\"@type\":\"Person\",\"@id\":\"https:\\\/\\\/baxcompany.com\\\/es\\\/#\\\/schema\\\/person\\\/700b0fea733ef875bcfc2688a1e841d3\",\"name\":\"Amy McCready\",\"url\":\"https:\\\/\\\/baxcompany.com\\\/es\\\/author\\\/amc\\\/\"}]}<\/script>\n<!-- \/ Yoast SEO plugin. -->","yoast_head_json":{"title":"Revitalizar el barrio industrial del Bes\u00f2s de Barcelona mediante un urbanismo saludable - Bax","description":"El Ayuntamiento de Barcelona ha concedido a Bax la oportunidad de crear una estrategia de reurbanizaci\u00f3n para uno de los mayores distritos industriales de la ciudad. El barrio que rodea la zona industrial es una de las \u00e1reas m\u00e1s deprimidas de Barcelona, con una esperanza de vida 12 a\u00f1os inferior a la de zonas m\u00e1s pr\u00f3speras de la ciudad. Nuestra estrategia imagina un Distrito de la Innovaci\u00f3n que proporcionar\u00e1 a los residentes y empresas del Bes\u00f2s puestos de trabajo de alta calidad, abundantes espacios verdes y un dise\u00f1o saludable de las calles.","robots":{"index":"index","follow":"follow","max-snippet":"max-snippet:-1","max-image-preview":"max-image-preview:large","max-video-preview":"max-video-preview:-1"},"canonical":"https:\/\/baxcompany.com\/es\/bax-company-se-convierte-en-bax-2\/","og_locale":"es_ES","og_type":"article","og_title":"Revitalizar el barrio industrial del Bes\u00f2s de Barcelona mediante un urbanismo saludable - Bax","og_description":"El Ayuntamiento de Barcelona ha concedido a Bax la oportunidad de crear una estrategia de reurbanizaci\u00f3n para uno de los mayores distritos industriales de la ciudad. El barrio que rodea la zona industrial es una de las \u00e1reas m\u00e1s deprimidas de Barcelona, con una esperanza de vida 12 a\u00f1os inferior a la de zonas m\u00e1s pr\u00f3speras de la ciudad. Nuestra estrategia imagina un Distrito de la Innovaci\u00f3n que proporcionar\u00e1 a los residentes y empresas del Bes\u00f2s puestos de trabajo de alta calidad, abundantes espacios verdes y un dise\u00f1o saludable de las calles.","og_url":"https:\/\/baxcompany.com\/es\/bax-company-se-convierte-en-bax-2\/","og_site_name":"Bax","article_published_time":"2024-05-30T10:54:36+00:00","article_modified_time":"2024-11-12T10:25:03+00:00","og_image":[{"width":2560,"height":1705,"url":"https:\/\/baxcompany.com\/wp-content\/uploads\/2024\/05\/istock-1265083635-1-scaled-1.jpg","type":"image\/jpeg"}],"author":"Amy McCready","twitter_card":"summary_large_image","twitter_misc":{"Escrito por":"Amy McCready","Tiempo de lectura":"8 minutos"},"schema":{"@context":"https:\/\/schema.org","@graph":[{"@type":"Article","@id":"https:\/\/baxcompany.com\/es\/bax-company-se-convierte-en-bax-2\/#article","isPartOf":{"@id":"https:\/\/baxcompany.com\/es\/bax-company-se-convierte-en-bax-2\/"},"author":{"name":"Amy McCready","@id":"https:\/\/baxcompany.com\/es\/#\/schema\/person\/700b0fea733ef875bcfc2688a1e841d3"},"headline":"Revitalizar el barrio industrial del Bes\u00f2s de Barcelona mediante un urbanismo saludable","datePublished":"2024-05-30T10:54:36+00:00","dateModified":"2024-11-12T10:25:03+00:00","mainEntityOfPage":{"@id":"https:\/\/baxcompany.com\/es\/bax-company-se-convierte-en-bax-2\/"},"wordCount":1684,"publisher":{"@id":"https:\/\/baxcompany.com\/es\/#organization"},"image":{"@id":"https:\/\/baxcompany.com\/es\/bax-company-se-convierte-en-bax-2\/#primaryimage"},"thumbnailUrl":"https:\/\/baxcompany.com\/wp-content\/uploads\/2024\/05\/istock-1265083635-1-scaled-1.jpg","keywords":["Naturaleza","Salud","Urbano"],"articleSection":["Perspectivas","Sin categorizar"],"inLanguage":"es"},{"@type":"WebPage","@id":"https:\/\/baxcompany.com\/es\/bax-company-se-convierte-en-bax-2\/","url":"https:\/\/baxcompany.com\/es\/bax-company-se-convierte-en-bax-2\/","name":"Revitalizar el barrio industrial del Bes\u00f2s de Barcelona mediante un urbanismo saludable - Bax","isPartOf":{"@id":"https:\/\/baxcompany.com\/es\/#website"},"primaryImageOfPage":{"@id":"https:\/\/baxcompany.com\/es\/bax-company-se-convierte-en-bax-2\/#primaryimage"},"image":{"@id":"https:\/\/baxcompany.com\/es\/bax-company-se-convierte-en-bax-2\/#primaryimage"},"thumbnailUrl":"https:\/\/baxcompany.com\/wp-content\/uploads\/2024\/05\/istock-1265083635-1-scaled-1.jpg","datePublished":"2024-05-30T10:54:36+00:00","dateModified":"2024-11-12T10:25:03+00:00","description":"El Ayuntamiento de Barcelona ha concedido a Bax la oportunidad de crear una estrategia de reurbanizaci\u00f3n para uno de los mayores distritos industriales de la ciudad. El barrio que rodea la zona industrial es una de las \u00e1reas m\u00e1s deprimidas de Barcelona, con una esperanza de vida 12 a\u00f1os inferior a la de zonas m\u00e1s pr\u00f3speras de la ciudad. Nuestra estrategia imagina un Distrito de la Innovaci\u00f3n que proporcionar\u00e1 a los residentes y empresas del Bes\u00f2s puestos de trabajo de alta calidad, abundantes espacios verdes y un dise\u00f1o saludable de las calles.","breadcrumb":{"@id":"https:\/\/baxcompany.com\/es\/bax-company-se-convierte-en-bax-2\/#breadcrumb"},"inLanguage":"es","potentialAction":[{"@type":"ReadAction","target":["https:\/\/baxcompany.com\/es\/bax-company-se-convierte-en-bax-2\/"]}]},{"@type":"ImageObject","inLanguage":"es","@id":"https:\/\/baxcompany.com\/es\/bax-company-se-convierte-en-bax-2\/#primaryimage","url":"https:\/\/baxcompany.com\/wp-content\/uploads\/2024\/05\/istock-1265083635-1-scaled-1.jpg","contentUrl":"https:\/\/baxcompany.com\/wp-content\/uploads\/2024\/05\/istock-1265083635-1-scaled-1.jpg","width":2560,"height":1705},{"@type":"BreadcrumbList","@id":"https:\/\/baxcompany.com\/es\/bax-company-se-convierte-en-bax-2\/#breadcrumb","itemListElement":[{"@type":"ListItem","position":1,"name":"Home","item":"https:\/\/baxcompany.com\/es\/home\/"},{"@type":"ListItem","position":2,"name":"Revitalizar el barrio industrial del Bes\u00f2s de Barcelona mediante un urbanismo saludable"}]},{"@type":"WebSite","@id":"https:\/\/baxcompany.com\/es\/#website","url":"https:\/\/baxcompany.com\/es\/","name":"Bax","description":"Innovation consultancy specialising in pilots, funding and collaborations","publisher":{"@id":"https:\/\/baxcompany.com\/es\/#organization"},"potentialAction":[{"@type":"SearchAction","target":{"@type":"EntryPoint","urlTemplate":"https:\/\/baxcompany.com\/es\/?s={search_term_string}"},"query-input":{"@type":"PropertyValueSpecification","valueRequired":true,"valueName":"search_term_string"}}],"inLanguage":"es"},{"@type":"Organization","@id":"https:\/\/baxcompany.com\/es\/#organization","name":"Bax","url":"https:\/\/baxcompany.com\/es\/","logo":{"@type":"ImageObject","inLanguage":"es","@id":"https:\/\/baxcompany.com\/es\/#\/schema\/logo\/image\/","url":"https:\/\/baxcompany.com\/wp-content\/uploads\/2024\/05\/cropped-Bax-favicon.png","contentUrl":"https:\/\/baxcompany.com\/wp-content\/uploads\/2024\/05\/cropped-Bax-favicon.png","width":512,"height":512,"caption":"Bax"},"image":{"@id":"https:\/\/baxcompany.com\/es\/#\/schema\/logo\/image\/"}},{"@type":"Person","@id":"https:\/\/baxcompany.com\/es\/#\/schema\/person\/700b0fea733ef875bcfc2688a1e841d3","name":"Amy McCready","url":"https:\/\/baxcompany.com\/es\/author\/amc\/"}]}},"jetpack_featured_media_url":"https:\/\/baxcompany.com\/wp-content\/uploads\/2024\/05\/istock-1265083635-1-scaled-1.jpg","jetpack_sharing_enabled":true,"_links":{"self":[{"href":"https:\/\/baxcompany.com\/es\/wp-json\/wp\/v2\/posts\/8869","targetHints":{"allow":["GET"]}}],"collection":[{"href":"https:\/\/baxcompany.com\/es\/wp-json\/wp\/v2\/posts"}],"about":[{"href":"https:\/\/baxcompany.com\/es\/wp-json\/wp\/v2\/types\/post"}],"author":[{"embeddable":true,"href":"https:\/\/baxcompany.com\/es\/wp-json\/wp\/v2\/users\/4"}],"replies":[{"embeddable":true,"href":"https:\/\/baxcompany.com\/es\/wp-json\/wp\/v2\/comments?post=8869"}],"version-history":[{"count":12,"href":"https:\/\/baxcompany.com\/es\/wp-json\/wp\/v2\/posts\/8869\/revisions"}],"predecessor-version":[{"id":12508,"href":"https:\/\/baxcompany.com\/es\/wp-json\/wp\/v2\/posts\/8869\/revisions\/12508"}],"wp:featuredmedia":[{"embeddable":true,"href":"https:\/\/baxcompany.com\/es\/wp-json\/wp\/v2\/media\/8879"}],"wp:attachment":[{"href":"https:\/\/baxcompany.com\/es\/wp-json\/wp\/v2\/media?parent=8869"}],"wp:term":[{"taxonomy":"category","embeddable":true,"href":"https:\/\/baxcompany.com\/es\/wp-json\/wp\/v2\/categories?post=8869"},{"taxonomy":"post_tag","embeddable":true,"href":"https:\/\/baxcompany.com\/es\/wp-json\/wp\/v2\/tags?post=8869"}],"curies":[{"name":"wp","href":"https:\/\/api.w.org\/{rel}","templated":true}]}}