{"id":10277,"date":"2024-01-18T13:09:42","date_gmt":"2024-01-18T12:09:42","guid":{"rendered":"https:\/\/baxcompany.com\/?p=10277"},"modified":"2024-11-12T11:27:09","modified_gmt":"2024-11-12T10:27:09","slug":"bax-company-devient-bax-6","status":"publish","type":"post","link":"https:\/\/baxcompany.com\/fr\/bax-company-devient-bax-6\/","title":{"rendered":"D\u00e9veloppement de la premi\u00e8re batterie au lithium sans cobalt pour v\u00e9hicules \u00e9lectriques en Espagne"},"content":{"rendered":"\t\t<div data-elementor-type=\"wp-post\" data-elementor-id=\"10277\" class=\"elementor elementor-10277 elementor-10275\" data-elementor-post-type=\"post\">\n\t\t\t\t<div class=\"elementor-element elementor-element-579bdd9 e-flex e-con-boxed e-con e-parent\" data-id=\"579bdd9\" data-element_type=\"container\" data-e-type=\"container\">\n\t\t\t\t\t<div class=\"e-con-inner\">\n\t\t\t\t<div class=\"elementor-element elementor-element-1d39dfc1 elementor-widget elementor-widget-text-editor\" data-id=\"1d39dfc1\" data-element_type=\"widget\" data-e-type=\"widget\" data-widget_type=\"text-editor.default\">\n\t\t\t\t<div class=\"elementor-widget-container\">\n\t\t\t\t\t\t\t\t\t<div class=\" vc_custom_1702461353531\">\n<div id=\"text-block-3\" class=\"mk-text-block mk-animate-element bottom-to-top jupiter-donut- mk-in-viewport\">\n<p>Dans le cadre d&rsquo;une avanc\u00e9e majeure pour la mobilit\u00e9 \u00e9lectrique, nos partenaires de <a href=\"https:\/\/projectcobra.eu\/\" target=\"_blank\" rel=\"noopener\">COBRA<\/a> ont mis au point le premier prototype espagnol de batterie lithium-ion grand format sans cobalt pour les v\u00e9hicules \u00e9lectriques. Ce d\u00e9veloppement marque une \u00e9tape cruciale vers la production de batteries non seulement plus respectueuses de l&rsquo;environnement, mais aussi pr\u00eates \u00e0 affronter la concurrence sur le march\u00e9 mondial. <\/p>\n<\/div>\n<\/div>\n\t\t\t\t\t\t\t\t<\/div>\n\t\t\t\t<\/div>\n\t\t\t\t\t<\/div>\n\t\t\t\t<\/div>\n\t\t<div class=\"elementor-element elementor-element-9ccb0a4 e-flex e-con-boxed e-con e-parent\" data-id=\"9ccb0a4\" data-element_type=\"container\" data-e-type=\"container\">\n\t\t\t\t\t<div class=\"e-con-inner\">\n\t\t\t\t<div data-dce-text-color=\"#00B398\" class=\"elementor-element elementor-element-9ae45ce elementor-widget elementor-widget-text-editor\" data-id=\"9ae45ce\" data-element_type=\"widget\" data-e-type=\"widget\" data-widget_type=\"text-editor.default\">\n\t\t\t\t<div class=\"elementor-widget-container\">\n\t\t\t\t\t\t\t\t\t<p>Pourquoi des piles sans cobalt ?<\/p>\n\t\t\t\t\t\t\t\t<\/div>\n\t\t\t\t<\/div>\n\t\t\t\t\t<\/div>\n\t\t\t\t<\/div>\n\t\t<div class=\"elementor-element elementor-element-3bc2b7c6 e-flex e-con-boxed e-con e-parent\" data-id=\"3bc2b7c6\" data-element_type=\"container\" data-e-type=\"container\">\n\t\t\t\t\t<div class=\"e-con-inner\">\n\t\t<div class=\"elementor-element elementor-element-bb33470 e-con-full e-flex e-con e-child\" data-id=\"bb33470\" data-element_type=\"container\" data-e-type=\"container\" data-settings=\"{&quot;background_background&quot;:&quot;classic&quot;}\">\n\t\t\t\t<div class=\"elementor-element elementor-element-0ac52ae elementor-widget__width-initial elementor-widget elementor-widget-text-editor\" data-id=\"0ac52ae\" data-element_type=\"widget\" data-e-type=\"widget\" data-widget_type=\"text-editor.default\">\n\t\t\t\t<div class=\"elementor-widget-container\">\n\t\t\t\t\t\t\t\t\t<p>Le cobalt permet aux batteries de fonctionner plus longtemps et d&rsquo;avoir des cycles de charge plus rapides, mais c&rsquo;est un m\u00e9tal rare, cher et toxique.<\/p>\n\t\t\t\t\t\t\t\t<\/div>\n\t\t\t\t<\/div>\n\t\t\t\t<div class=\"elementor-element elementor-element-71c7d38 elementor-widget__width-initial elementor-widget elementor-widget-text-editor\" data-id=\"71c7d38\" data-element_type=\"widget\" data-e-type=\"widget\" data-widget_type=\"text-editor.default\">\n\t\t\t\t<div class=\"elementor-widget-container\">\n\t\t\t\t\t\t\t\t\t<p>&#8211; Jordi Jacas Biendicho, chercheur principal \u00e0 l&rsquo;IREC et coordinateur du projet COBRA<\/p>\n\t\t\t\t\t\t\t\t<\/div>\n\t\t\t\t<\/div>\n\t\t\t\t<\/div>\n\t\t\t\t<div data-dce-text-color=\"#062A32\" class=\"elementor-element elementor-element-7383fbd elementor-widget elementor-widget-text-editor\" data-id=\"7383fbd\" data-element_type=\"widget\" data-e-type=\"widget\" data-widget_type=\"text-editor.default\">\n\t\t\t\t<div class=\"elementor-widget-container\">\n\t\t\t\t\t\t\t\t\t<div class=\"wpb_row vc_row vc_row-fluid jupiter-donut- mk-fullwidth-false attched-false mk-animate-element fade-in js-master-row mk-grid mk-in-viewport\" data-mk-stretch-content=\"true\">\n<div class=\"vc_col-sm-12 wpb_column column_container jupiter-donut- _ jupiter-donut-height-full\">\n<div class=\" vc_custom_1702461374570\">\n<div id=\"text-block-8\" class=\"mk-text-block mk-animate-element fade-in jupiter-donut- mk-in-viewport\">\n<p>Am\u00e9liorant la durabilit\u00e9 des batteries lithium-ion et prolongeant leur dur\u00e9e de vie, le cobalt est actuellement un mat\u00e9riau essentiel pour alimenter efficacement les v\u00e9hicules \u00e9lectriques. Mais son extraction a des cons\u00e9quences n\u00e9fastes dans le monde entier : <\/p>\n<\/div>\n<\/div>\n<\/div>\n<\/div>\n\t\t\t\t\t\t\t\t<\/div>\n\t\t\t\t<\/div>\n\t\t\t\t<div class=\"elementor-element elementor-element-3691445 elementor-widget elementor-widget-text-editor\" data-id=\"3691445\" data-element_type=\"widget\" data-e-type=\"widget\" data-widget_type=\"text-editor.default\">\n\t\t\t\t<div class=\"elementor-widget-container\">\n\t\t\t\t\t\t\t\t\t<div class=\"wpb_row vc_row vc_row-fluid jupiter-donut- mk-fullwidth-false attched-false mk-animate-element fade-in js-master-row mk-grid mk-in-viewport\" data-mk-stretch-content=\"true\">\n<div class=\"vc_col-sm-12 wpb_column column_container jupiter-donut- _ jupiter-donut-height-full\">\n<div class=\" vc_custom_1702461374570\">\n<div id=\"text-block-8\" class=\"mk-text-block mk-animate-element fade-in jupiter-donut- mk-in-viewport\">\n<p><strong>Impact social<\/strong><\/p>\n<\/div>\n<\/div>\n<\/div>\n<\/div>\n\t\t\t\t\t\t\t\t<\/div>\n\t\t\t\t<\/div>\n\t\t\t\t<div data-dce-text-color=\"#062A32\" class=\"elementor-element elementor-element-d013bab elementor-widget elementor-widget-text-editor\" data-id=\"d013bab\" data-element_type=\"widget\" data-e-type=\"widget\" data-widget_type=\"text-editor.default\">\n\t\t\t\t<div class=\"elementor-widget-container\">\n\t\t\t\t\t\t\t\t\t<div class=\"wpb_row vc_row vc_row-fluid jupiter-donut- mk-fullwidth-false attched-false mk-animate-element fade-in js-master-row mk-grid mk-in-viewport\" data-mk-stretch-content=\"true\">\n<div class=\"vc_col-sm-12 wpb_column column_container jupiter-donut- _ jupiter-donut-height-full\">\n<div class=\" vc_custom_1702461374570\">\n<div id=\"text-block-8\" class=\"mk-text-block mk-animate-element fade-in jupiter-donut- mk-in-viewport\">\n<p>Environ <a href=\"https:\/\/www.statista.com\/statistics\/339834\/mine-production-of-cobalt-in-dr-congo\/\" target=\"_blank\" rel=\"noopener\">70 %<\/a> de l&rsquo;approvisionnement mondial en cobalt provient de la R\u00e9publique d\u00e9mocratique du Congo (RDC), o\u00f9 les pratiques mini\u00e8res ont \u00e9t\u00e9 associ\u00e9es \u00e0 de graves violations des droits de l&rsquo;homme, notamment le travail des enfants et des conditions de travail dangereuses. Les risques sanitaires associ\u00e9s \u00e0 l&rsquo;extraction et \u00e0 la transformation du cobalt suscitent \u00e9galement des inqui\u00e9tudes. Les travailleurs de ces industries sont confront\u00e9s \u00e0 des probl\u00e8mes respiratoires potentiels et \u00e0 d&rsquo;autres probl\u00e8mes de sant\u00e9 \u00e0 long terme, ce qui ajoute \u00e0 la complexit\u00e9 \u00e9thique de l&rsquo;utilisation du cobalt dans les piles.  <\/p>\n<\/div>\n<\/div>\n<\/div>\n<\/div>\n\t\t\t\t\t\t\t\t<\/div>\n\t\t\t\t<\/div>\n\t\t\t\t<div class=\"elementor-element elementor-element-39e7e90 elementor-widget elementor-widget-text-editor\" data-id=\"39e7e90\" data-element_type=\"widget\" data-e-type=\"widget\" data-widget_type=\"text-editor.default\">\n\t\t\t\t<div class=\"elementor-widget-container\">\n\t\t\t\t\t\t\t\t\t<div class=\"wpb_row vc_row vc_row-fluid jupiter-donut- mk-fullwidth-false attched-false mk-animate-element fade-in js-master-row mk-grid mk-in-viewport\" data-mk-stretch-content=\"true\">\n<div class=\"vc_col-sm-12 wpb_column column_container jupiter-donut- _ jupiter-donut-height-full\">\n<div class=\" vc_custom_1702461374570\">\n<div id=\"text-block-8\" class=\"mk-text-block mk-animate-element fade-in jupiter-donut- mk-in-viewport\">\n<p><strong>Impact sur l&rsquo;environnement<\/strong><\/p>\n<\/div>\n<\/div>\n<\/div>\n<\/div>\n\t\t\t\t\t\t\t\t<\/div>\n\t\t\t\t<\/div>\n\t\t\t\t<div data-dce-text-color=\"#062A32\" class=\"elementor-element elementor-element-9f7b2fa elementor-widget elementor-widget-text-editor\" data-id=\"9f7b2fa\" data-element_type=\"widget\" data-e-type=\"widget\" data-widget_type=\"text-editor.default\">\n\t\t\t\t<div class=\"elementor-widget-container\">\n\t\t\t\t\t\t\t\t\t<div class=\"wpb_row vc_row vc_row-fluid jupiter-donut- mk-fullwidth-false attched-false mk-animate-element fade-in js-master-row mk-grid mk-in-viewport\" data-mk-stretch-content=\"true\">\n<div class=\"vc_col-sm-12 wpb_column column_container jupiter-donut- _ jupiter-donut-height-full\">\n<div class=\" vc_custom_1702461374570\">\n<div id=\"text-block-8\" class=\"mk-text-block mk-animate-element fade-in jupiter-donut- mk-in-viewport\">\n<p>L&rsquo;extraction du cobalt peut entra\u00eener l&rsquo;\u00e9rosion des sols, la pollution de l&rsquo;eau et la destruction des \u00e9cosyst\u00e8mes. Cette d\u00e9gradation de l&rsquo;environnement est en contradiction avec les objectifs de la transition \u00e9nerg\u00e9tique, qui vise \u00e0 minimiser les dommages \u00e9cologiques. <\/p>\n<\/div>\n<\/div>\n<\/div>\n<\/div>\n\t\t\t\t\t\t\t\t<\/div>\n\t\t\t\t<\/div>\n\t\t\t\t<div class=\"elementor-element elementor-element-e3933a9 elementor-widget elementor-widget-text-editor\" data-id=\"e3933a9\" data-element_type=\"widget\" data-e-type=\"widget\" data-widget_type=\"text-editor.default\">\n\t\t\t\t<div class=\"elementor-widget-container\">\n\t\t\t\t\t\t\t\t\t<div class=\"wpb_row vc_row vc_row-fluid jupiter-donut- mk-fullwidth-false attched-false mk-animate-element fade-in js-master-row mk-grid mk-in-viewport\" data-mk-stretch-content=\"true\">\n<div class=\"vc_col-sm-12 wpb_column column_container jupiter-donut- _ jupiter-donut-height-full\">\n<div class=\" vc_custom_1702461374570\">\n<div id=\"text-block-8\" class=\"mk-text-block mk-animate-element fade-in jupiter-donut- mk-in-viewport\">\n<p><strong>Impact \u00e9conomique<\/strong><\/p>\n<\/div>\n<\/div>\n<\/div>\n<\/div>\n\t\t\t\t\t\t\t\t<\/div>\n\t\t\t\t<\/div>\n\t\t\t\t<div data-dce-text-color=\"#062A32\" class=\"elementor-element elementor-element-632e7cf elementor-widget elementor-widget-text-editor\" data-id=\"632e7cf\" data-element_type=\"widget\" data-e-type=\"widget\" data-widget_type=\"text-editor.default\">\n\t\t\t\t<div class=\"elementor-widget-container\">\n\t\t\t\t\t\t\t\t\t<div class=\"wpb_row vc_row vc_row-fluid jupiter-donut- mk-fullwidth-false attched-false mk-animate-element fade-in js-master-row mk-grid mk-in-viewport\" data-mk-stretch-content=\"true\">\n<div class=\"vc_col-sm-12 wpb_column column_container jupiter-donut- _ jupiter-donut-height-full\">\n<div class=\" vc_custom_1702461374570\">\n<div id=\"text-block-8\" class=\"mk-text-block mk-animate-element fade-in jupiter-donut- mk-in-viewport\">\n<div class=\"wpb_row vc_row vc_row-fluid jupiter-donut- mk-fullwidth-false attched-false mk-animate-element fade-in js-master-row mk-grid mk-in-viewport\" data-mk-stretch-content=\"true\">\n<div class=\"vc_col-sm-1 wpb_column column_container jupiter-donut- _ jupiter-donut-height-full\">\n<div class=\"wpb_row vc_row vc_row-fluid jupiter-donut- mk-fullwidth-false attched-false mk-animate-element fade-in js-master-row mk-grid mk-in-viewport\" data-mk-stretch-content=\"true\">\n<div class=\"vc_col-sm-11 wpb_column column_container jupiter-donut- _ jupiter-donut-height-full\">\n<div class=\" vc_custom_1702404682651\">\n<div id=\"text-block-17\" class=\"mk-text-block mk-animate-element fade-in jupiter-donut- mk-in-viewport\">\n<p>La cha\u00eene d&rsquo;approvisionnement mondiale en cobalt est fortement concentr\u00e9e dans quelques pays, ce qui la rend vuln\u00e9rable \u00e0 l&rsquo;instabilit\u00e9 politique, aux restrictions commerciales et aux fluctuations de prix. Cette d\u00e9pendance \u00e0 l&rsquo;\u00e9gard d&rsquo;une cha\u00eene d&rsquo;approvisionnement limit\u00e9e peut entraver l&rsquo;\u00e9volutivit\u00e9 et la fiabilit\u00e9 des technologies d\u00e9pendantes du cobalt, comme les batteries des v\u00e9hicules \u00e9lectriques.   <\/p>\n<\/div>\n<\/div>\n<div class=\"clearboth\">\n<p>Depuis 2020, le projet <a href=\"https:\/\/projectcobra.eu\/2023\/12\/11\/spanish-researchers-develop-first-cobalt-free-lithium-battery-for-the-automotive-industry\/\" target=\"_blank\" rel=\"noopener\">COBRA<\/a> est l&rsquo;une des principales alliances europ\u00e9ennes pour les batteries de nouvelle g\u00e9n\u00e9ration sans cobalt. Soutenu par Bax &amp; Company, le consortium europ\u00e9en de 18 organisations industrielles et universitaires s&rsquo;est efforc\u00e9 d&rsquo;\u00e9liminer le cobalt du processus de fabrication des batteries pour v\u00e9hicules \u00e9lectriques (VE).   <\/p>\n<p>Cofinanc\u00e9e \u00e0 hauteur de pr\u00e8s de douze millions d&rsquo;euros par le programme Horizon 2020 de la Commission europ\u00e9enne, l&rsquo;alliance fait progresser la recherche et le d\u00e9veloppement pour une cha\u00eene de valeur des batteries plus s\u00fbre et plus durable.<\/p>\n<\/div>\n<\/div>\n<\/div>\n<\/div>\n<\/div>\n<\/div>\n<\/div>\n<\/div>\n<\/div>\n\t\t\t\t\t\t\t\t<\/div>\n\t\t\t\t<\/div>\n\t\t\t\t\t<\/div>\n\t\t\t\t<\/div>\n\t\t<div class=\"elementor-element elementor-element-2d34aeb e-flex e-con-boxed e-con e-parent\" data-id=\"2d34aeb\" data-element_type=\"container\" data-e-type=\"container\">\n\t\t\t\t\t<div class=\"e-con-inner\">\n\t\t\t\t<div data-dce-text-color=\"#00B398\" class=\"elementor-element elementor-element-a857fc5 elementor-widget elementor-widget-text-editor\" data-id=\"a857fc5\" data-element_type=\"widget\" data-e-type=\"widget\" data-widget_type=\"text-editor.default\">\n\t\t\t\t<div class=\"elementor-widget-container\">\n\t\t\t\t\t\t\t\t\t<p>COBRA fait une perc\u00e9e avec la premi\u00e8re batterie pour v\u00e9hicules \u00e9lectriques sans cobalt en Espagne<\/p>\n\t\t\t\t\t\t\t\t<\/div>\n\t\t\t\t<\/div>\n\t\t\t\t\t<\/div>\n\t\t\t\t<\/div>\n\t\t<div class=\"elementor-element elementor-element-168e80b e-flex e-con-boxed e-con e-parent\" data-id=\"168e80b\" data-element_type=\"container\" data-e-type=\"container\">\n\t\t\t\t\t<div class=\"e-con-inner\">\n\t\t\t\t<div class=\"elementor-element elementor-element-e4c4244 elementor-widget elementor-widget-text-editor\" data-id=\"e4c4244\" data-element_type=\"widget\" data-e-type=\"widget\" data-widget_type=\"text-editor.default\">\n\t\t\t\t<div class=\"elementor-widget-container\">\n\t\t\t\t\t\t\t\t\t<div class=\"wpb_row vc_row vc_row-fluid jupiter-donut- mk-fullwidth-false attched-false mk-animate-element fade-in js-master-row mk-grid mk-in-viewport\" data-mk-stretch-content=\"true\">\n<div class=\"vc_col-sm-6 wpb_column column_container jupiter-donut- _ jupiter-donut-height-full\">\n<div class=\" vc_custom_1702461655825\">\n<div id=\"text-block-24\" class=\"mk-text-block mk-animate-element fade-in jupiter-donut- mk-in-viewport\">\n<p>Au d\u00e9but du mois, COBRA a r\u00e9alis\u00e9 une perc\u00e9e majeure dans le domaine des batteries automobiles. Sous la houlette de son partenaire IREC, le consortium <strong>a d\u00e9velopp\u00e9 avec succ\u00e8s la premi\u00e8re batterie lithium-ion sans cobalt d&rsquo;Espagne<\/strong>. Le nouveau prototype de batterie au lithium sans cobalt est actuellement en phase pr\u00e9commerciale et se situe entre les niveaux 5 et 6 de l&rsquo;\u00e9chelle TRL (Technology Readiness Level).  <\/p>\n<p>Conform\u00e9ment aux normes europ\u00e9ennes de durabilit\u00e9 et de recyclage, les partenaires de COBRA ont innov\u00e9 de nouvelles formulations d&rsquo;\u00e9lectrodes en utilisant du silicium recycl\u00e9 provenant de panneaux photovolta\u00efques. Jordi souligne qu&rsquo;ils atteignent d\u00e9j\u00e0 un <strong>taux de recyclage \u00ab\u00a0compris entre 90 et 95 % pour les composants qui constituent la cellule\u00a0\u00bb<\/strong>, tout en am\u00e9liorant la s\u00e9curit\u00e9 et la durabilit\u00e9 de l&rsquo;ensemble de la cha\u00eene de valeur. <\/p>\n<div class=\"clearboth\">La conception bas\u00e9e sur l&rsquo;innovation int\u00e9grera un nouveau syst\u00e8me de contr\u00f4le dot\u00e9 de capacit\u00e9s de communication sans fil, de capteurs avanc\u00e9s et d&rsquo;algorithmes sophistiqu\u00e9s. Ces am\u00e9liorations sont essentielles pour renforcer la s\u00e9curit\u00e9 des batteries, en leur permettant de d\u00e9tecter les changements de temp\u00e9rature et les fuites de gaz potentielles, ainsi que d&rsquo;am\u00e9liorer l&rsquo;efficacit\u00e9 globale de la batterie. <\/div>\n<div> <\/div>\n<div class=\"clearboth\"><strong>Vous pouvez lire le communiqu\u00e9 de presse complet sur ce d\u00e9veloppement <a href=\"https:\/\/projectcobra.eu\/2023\/12\/11\/spanish-researchers-develop-first-cobalt-free-lithium-battery-for-the-automotive-industry\/\" target=\"_blank\" rel=\"noopener\">ici.<\/a><\/strong><\/div>\n<\/div>\n<\/div>\n<\/div>\n<\/div>\n\t\t\t\t\t\t\t\t<\/div>\n\t\t\t\t<\/div>\n\t\t\t\t<div class=\"elementor-element elementor-element-11595d1 dce_masking-none elementor-widget elementor-widget-image\" data-id=\"11595d1\" data-element_type=\"widget\" data-e-type=\"widget\" data-widget_type=\"image.default\">\n\t\t\t\t<div class=\"elementor-widget-container\">\n\t\t\t\t\t\t\t\t\t\t\t\t\t\t\t<img fetchpriority=\"high\" decoding=\"async\" width=\"2000\" height=\"1333\" src=\"https:\/\/baxcompany.com\/wp-content\/uploads\/2024\/01\/foto-prototipo-cobra-sin-co-1.jpg\" class=\"attachment-full size-full wp-image-10287\" alt=\"\" srcset=\"https:\/\/baxcompany.com\/wp-content\/uploads\/2024\/01\/foto-prototipo-cobra-sin-co-1.jpg 2000w, https:\/\/baxcompany.com\/wp-content\/uploads\/2024\/01\/foto-prototipo-cobra-sin-co-1-300x200.jpg 300w, https:\/\/baxcompany.com\/wp-content\/uploads\/2024\/01\/foto-prototipo-cobra-sin-co-1-1024x682.jpg 1024w, https:\/\/baxcompany.com\/wp-content\/uploads\/2024\/01\/foto-prototipo-cobra-sin-co-1-768x512.jpg 768w, https:\/\/baxcompany.com\/wp-content\/uploads\/2024\/01\/foto-prototipo-cobra-sin-co-1-1536x1024.jpg 1536w\" sizes=\"(max-width: 2000px) 100vw, 2000px\" \/>\t\t\t\t\t\t\t\t\t\t\t\t\t\t\t<\/div>\n\t\t\t\t<\/div>\n\t\t\t\t\t<\/div>\n\t\t\t\t<\/div>\n\t\t<div class=\"elementor-element elementor-element-12f0d9c e-flex e-con-boxed e-con e-parent\" data-id=\"12f0d9c\" data-element_type=\"container\" data-e-type=\"container\">\n\t\t\t\t\t<div class=\"e-con-inner\">\n\t\t\t\t<div data-dce-text-color=\"#00B398\" class=\"elementor-element elementor-element-dd317f1 elementor-widget elementor-widget-text-editor\" data-id=\"dd317f1\" data-element_type=\"widget\" data-e-type=\"widget\" data-widget_type=\"text-editor.default\">\n\t\t\t\t<div class=\"elementor-widget-container\">\n\t\t\t\t\t\t\t\t\t<div class=\"wpb_row vc_row vc_row-fluid jupiter-donut- mk-fullwidth-false attched-false js-master-row mk-grid mk-in-viewport\" data-mk-stretch-content=\"true\">\n<div class=\"vc_col-sm-12 wpb_column column_container jupiter-donut- _ jupiter-donut-height-full\">\n<p>Rapprocher les piles du march\u00e9 gr\u00e2ce \u00e0 des informations sur l&rsquo;industrie et les politiques<\/p>\n<\/div>\n<\/div>\n\t\t\t\t\t\t\t\t<\/div>\n\t\t\t\t<\/div>\n\t\t\t\t\t<\/div>\n\t\t\t\t<\/div>\n\t\t<div class=\"elementor-element elementor-element-c5d90ec e-grid e-con-boxed e-con e-parent\" data-id=\"c5d90ec\" data-element_type=\"container\" data-e-type=\"container\">\n\t\t\t\t\t<div class=\"e-con-inner\">\n\t\t\t\t<div class=\"elementor-element elementor-element-f13241a elementor-widget elementor-widget-text-editor\" data-id=\"f13241a\" data-element_type=\"widget\" data-e-type=\"widget\" data-widget_type=\"text-editor.default\">\n\t\t\t\t<div class=\"elementor-widget-container\">\n\t\t\t\t\t\t\t\t\t<p>Depuis la cr\u00e9ation de COBRA, nos sp\u00e9cialistes des batteries ont contribu\u00e9 \u00e0 la r\u00e9daction de <a href=\"https:\/\/projectcobra.eu\/market-intelligence\/\" target=\"_blank\" rel=\"noopener\">19 rapports d&rsquo;information sur le march\u00e9<\/a>, partageant leurs points de vue sur l&rsquo;ensemble de la cha\u00eene de valeur des batteries.<\/p>\n<p>La mise en \u0153uvre de nouvelles technologies de batteries s&rsquo;accompagne in\u00e9vitablement de toute une s\u00e9rie de complexit\u00e9s, et la connaissance du march\u00e9 joue un r\u00f4le essentiel pour garantir la pertinence et l&rsquo;impact \u00e0 long terme de ces innovations.  <\/p>\n<p>Des nouvelles technologies d&rsquo;anode et des mat\u00e9riaux de cathode \u00e0 l&rsquo;impact de la prochaine r\u00e9glementation europ\u00e9enne sur les batteries, notre \u00e9quipe a couvert un grand nombre de d\u00e9veloppements techniques, politiques et commerciaux cl\u00e9s qui influencent le paysage des batteries pour v\u00e9hicules \u00e9lectriques.<\/p>\n<div class=\" vc_custom_1702404188926\">\n<div id=\"text-block-35\" class=\"mk-text-block mk-animate-element fade-in jupiter-donut- mk-in-viewport\">\n<p>Outre notre r\u00f4le cl\u00e9 dans la fourniture d&rsquo;informations commerciales au consortium COBRA, nous dirigeons la diffusion et l&rsquo;exploitation des r\u00e9sultats du projet, afin de garantir que les d\u00e9veloppements impressionnants de nos partenaires soient \u00e0 la hauteur de leur impact potentiel.<\/p>\n<\/div>\n<\/div>\n\t\t\t\t\t\t\t\t<\/div>\n\t\t\t\t<\/div>\n\t\t\t\t<div class=\"elementor-element elementor-element-8af4e93 dce_masking-none elementor-widget elementor-widget-image\" data-id=\"8af4e93\" data-element_type=\"widget\" data-e-type=\"widget\" data-widget_type=\"image.default\">\n\t\t\t\t<div class=\"elementor-widget-container\">\n\t\t\t\t\t\t\t\t\t\t\t\t\t\t\t\t<a href=\"https:\/\/projectcobra.eu\/wp-content\/uploads\/2024\/07\/COBRA-Market-Intelligence-July-2024.pdf\" target=\"_blank\">\n\t\t\t\t\t\t\t<img decoding=\"async\" src=\"https:\/\/baxcompany.com\/wp-content\/uploads\/elementor\/thumbs\/Screenshot-2024-08-14-at-16.33.39-qslnxif4bohin77upnyi8022s4ok30j1on60uqxdke.png\" title=\"Screenshot 2024-08-14 at 16.33.39\" alt=\"Screenshot 2024-08-14 at 16.33.39\" loading=\"lazy\" \/>\t\t\t\t\t\t\t\t<\/a>\n\t\t\t\t\t\t\t\t\t\t\t\t\t\t\t<\/div>\n\t\t\t\t<\/div>\n\t\t\t\t\t<\/div>\n\t\t\t\t<\/div>\n\t\t<div class=\"elementor-element elementor-element-12bdd5b e-flex e-con-boxed e-con e-parent\" data-id=\"12bdd5b\" data-element_type=\"container\" data-e-type=\"container\">\n\t\t\t\t\t<div class=\"e-con-inner\">\n\t\t<div class=\"elementor-element elementor-element-eef5fdd e-con-full e-flex e-con e-child\" data-id=\"eef5fdd\" data-element_type=\"container\" data-e-type=\"container\" data-settings=\"{&quot;background_background&quot;:&quot;classic&quot;}\">\n\t\t\t\t<div class=\"elementor-element elementor-element-b3f5149 elementor-widget__width-initial elementor-widget elementor-widget-text-editor\" data-id=\"b3f5149\" data-element_type=\"widget\" data-e-type=\"widget\" data-widget_type=\"text-editor.default\">\n\t\t\t\t<div class=\"elementor-widget-container\">\n\t\t\t\t\t\t\t\t\t<p>Dans le paysage des batteries qui \u00e9volue rapidement, nos rapports d&rsquo;information sur le march\u00e9 COBRA vous tiennent au courant des sujets les plus recherch\u00e9s dans l&rsquo;industrie, tels que les nouveaux d\u00e9veloppements de mat\u00e9riaux, les applications de seconde vie et les batteries \u00e0 l&rsquo;\u00e9tat solide.<\/p>\n\t\t\t\t\t\t\t\t<\/div>\n\t\t\t\t<\/div>\n\t\t\t\t<div class=\"elementor-element elementor-element-9733bd9 elementor-widget__width-initial elementor-widget elementor-widget-text-editor\" data-id=\"9733bd9\" data-element_type=\"widget\" data-e-type=\"widget\" data-widget_type=\"text-editor.default\">\n\t\t\t\t<div class=\"elementor-widget-container\">\n\t\t\t\t\t\t\t\t\t<p>&#8211; Maarten Buysse, consultant en innovation pour la circularit\u00e9 de la batterie<\/p>\n\t\t\t\t\t\t\t\t<\/div>\n\t\t\t\t<\/div>\n\t\t\t\t<\/div>\n\t\t\t\t\t<\/div>\n\t\t\t\t<\/div>\n\t\t<div class=\"elementor-element elementor-element-4f6a7d7 e-flex e-con-boxed e-con e-parent\" data-id=\"4f6a7d7\" data-element_type=\"container\" data-e-type=\"container\">\n\t\t\t\t\t<div class=\"e-con-inner\">\n\t\t\t\t<div data-dce-text-color=\"#00B398\" class=\"elementor-element elementor-element-e95394f elementor-widget elementor-widget-text-editor\" data-id=\"e95394f\" data-element_type=\"widget\" data-e-type=\"widget\" data-widget_type=\"text-editor.default\">\n\t\t\t\t<div class=\"elementor-widget-container\">\n\t\t\t\t\t\t\t\t\t<p>Parlez \u00e0 nos experts en batteries<\/p>\n\t\t\t\t\t\t\t\t<\/div>\n\t\t\t\t<\/div>\n\t\t\t\t<div class=\"elementor-element elementor-element-048da74 elementor-widget elementor-widget-text-editor\" data-id=\"048da74\" data-element_type=\"widget\" data-e-type=\"widget\" data-widget_type=\"text-editor.default\">\n\t\t\t\t<div class=\"elementor-widget-container\">\n\t\t\t\t\t\t\t\t\t<div class=\" vc_custom_1702404308482\">\n<div id=\"text-block-38\" class=\"mk-text-block mk-animate-element fade-in jupiter-donut- mk-in-viewport\">\n<p>Nos <a href=\"https:\/\/baxcompany.com\/de\/topics\/energie\/batterien\/\" target=\"_blank\" rel=\"noopener\">sp\u00e9cialistes des batteries<\/a> travaillent avec les principaux instituts de recherche, fournisseurs, \u00e9quipementiers, recycleurs et fournisseurs de solutions, les aidant \u00e0 r\u00e9pondre aux exigences d&rsquo;une cha\u00eene de valeur des batteries de plus en plus circulaire. Prenez contact avec nous et voyons comment nous pouvons collaborer. <\/p>\n<\/div>\n<\/div>\n\t\t\t\t\t\t\t\t<\/div>\n\t\t\t\t<\/div>\n\t\t\t\t\t<\/div>\n\t\t\t\t<\/div>\n\t\t\t\t<\/div>\n\t\t","protected":false},"excerpt":{"rendered":"<p>Dans le cadre d&rsquo;une avanc\u00e9e majeure pour la mobilit\u00e9 \u00e9lectrique, nos partenaires de COBRA ont mis au point le premier prototype espagnol de batterie lithium-ion grand format sans cobalt pour les v\u00e9hicules \u00e9lectriques. Ce d\u00e9veloppement marque une \u00e9tape cruciale vers la production de batteries non seulement plus respectueuses de l&rsquo;environnement, mais aussi pr\u00eates \u00e0 affronter [&hellip;]<\/p>\n","protected":false},"author":4,"featured_media":10287,"comment_status":"closed","ping_status":"closed","sticky":false,"template":"","format":"standard","meta":{"_acf_changed":false,"_monsterinsights_skip_tracking":false,"_monsterinsights_sitenote_active":false,"_monsterinsights_sitenote_note":"","_monsterinsights_sitenote_category":0,"_jetpack_memberships_contains_paid_content":false,"footnotes":""},"categories":[86,135],"tags":[150,388,165],"class_list":["post-10277","post","type-post","status-publish","format-standard","has-post-thumbnail","hentry","category-non-classifiee","category-perspectives","tag-lenergie","tag-materials","tag-materiaux"],"acf":[],"yoast_head":"<!-- This site is optimized with the Yoast SEO plugin v27.5 - https:\/\/yoast.com\/product\/yoast-seo-wordpress\/ -->\n<title>D\u00e9veloppement de la premi\u00e8re batterie au lithium sans cobalt pour v\u00e9hicules \u00e9lectriques en Espagne - Bax<\/title>\n<meta name=\"description\" content=\"Dans le cadre d&#039;une avanc\u00e9e majeure pour la mobilit\u00e9 \u00e9lectrique, nos partenaires de COBRA ont mis au point le premier prototype espagnol de batterie lithium-ion grand format sans cobalt pour les v\u00e9hicules \u00e9lectriques. Ce d\u00e9veloppement marque une \u00e9tape cruciale vers la production de batteries non seulement plus respectueuses de l&#039;environnement, mais aussi pr\u00eates \u00e0 affronter la concurrence sur le march\u00e9 mondial.\" \/>\n<meta name=\"robots\" content=\"index, follow, max-snippet:-1, max-image-preview:large, max-video-preview:-1\" \/>\n<link rel=\"canonical\" href=\"https:\/\/baxcompany.com\/fr\/bax-company-devient-bax-6\/\" \/>\n<meta property=\"og:locale\" content=\"fr_FR\" \/>\n<meta property=\"og:type\" content=\"article\" \/>\n<meta property=\"og:title\" content=\"D\u00e9veloppement de la premi\u00e8re batterie au lithium sans cobalt pour v\u00e9hicules \u00e9lectriques en Espagne - Bax\" \/>\n<meta property=\"og:description\" content=\"Dans le cadre d&#039;une avanc\u00e9e majeure pour la mobilit\u00e9 \u00e9lectrique, nos partenaires de COBRA ont mis au point le premier prototype espagnol de batterie lithium-ion grand format sans cobalt pour les v\u00e9hicules \u00e9lectriques. Ce d\u00e9veloppement marque une \u00e9tape cruciale vers la production de batteries non seulement plus respectueuses de l&#039;environnement, mais aussi pr\u00eates \u00e0 affronter la concurrence sur le march\u00e9 mondial.\" \/>\n<meta property=\"og:url\" content=\"https:\/\/baxcompany.com\/fr\/bax-company-devient-bax-6\/\" \/>\n<meta property=\"og:site_name\" content=\"Bax\" \/>\n<meta property=\"article:published_time\" content=\"2024-01-18T12:09:42+00:00\" \/>\n<meta property=\"article:modified_time\" content=\"2024-11-12T10:27:09+00:00\" \/>\n<meta property=\"og:image\" content=\"https:\/\/baxcompany.com\/wp-content\/uploads\/2024\/01\/foto-prototipo-cobra-sin-co-1.jpg\" \/>\n\t<meta property=\"og:image:width\" content=\"2000\" \/>\n\t<meta property=\"og:image:height\" content=\"1333\" \/>\n\t<meta property=\"og:image:type\" content=\"image\/jpeg\" \/>\n<meta name=\"author\" content=\"Amy McCready\" \/>\n<meta name=\"twitter:card\" content=\"summary_large_image\" \/>\n<meta name=\"twitter:label1\" content=\"\u00c9crit par\" \/>\n\t<meta name=\"twitter:data1\" content=\"Amy McCready\" \/>\n\t<meta name=\"twitter:label2\" content=\"Dur\u00e9e de lecture estim\u00e9e\" \/>\n\t<meta name=\"twitter:data2\" content=\"5 minutes\" \/>\n<script type=\"application\/ld+json\" class=\"yoast-schema-graph\">{\"@context\":\"https:\\\/\\\/schema.org\",\"@graph\":[{\"@type\":\"Article\",\"@id\":\"https:\\\/\\\/baxcompany.com\\\/fr\\\/bax-company-devient-bax-6\\\/#article\",\"isPartOf\":{\"@id\":\"https:\\\/\\\/baxcompany.com\\\/fr\\\/bax-company-devient-bax-6\\\/\"},\"author\":{\"name\":\"Amy McCready\",\"@id\":\"https:\\\/\\\/baxcompany.com\\\/fr\\\/#\\\/schema\\\/person\\\/700b0fea733ef875bcfc2688a1e841d3\"},\"headline\":\"D\u00e9veloppement de la premi\u00e8re batterie au lithium sans cobalt pour v\u00e9hicules \u00e9lectriques en Espagne\",\"datePublished\":\"2024-01-18T12:09:42+00:00\",\"dateModified\":\"2024-11-12T10:27:09+00:00\",\"mainEntityOfPage\":{\"@id\":\"https:\\\/\\\/baxcompany.com\\\/fr\\\/bax-company-devient-bax-6\\\/\"},\"wordCount\":1037,\"publisher\":{\"@id\":\"https:\\\/\\\/baxcompany.com\\\/fr\\\/#organization\"},\"image\":{\"@id\":\"https:\\\/\\\/baxcompany.com\\\/fr\\\/bax-company-devient-bax-6\\\/#primaryimage\"},\"thumbnailUrl\":\"https:\\\/\\\/baxcompany.com\\\/wp-content\\\/uploads\\\/2024\\\/01\\\/foto-prototipo-cobra-sin-co-1.jpg\",\"keywords\":[\"L'\u00e9nergie\",\"Materials\",\"Mat\u00e9riaux\"],\"articleSection\":[\"Non classifi\u00e9(e)\",\"Perspectives\"],\"inLanguage\":\"fr-FR\"},{\"@type\":\"WebPage\",\"@id\":\"https:\\\/\\\/baxcompany.com\\\/fr\\\/bax-company-devient-bax-6\\\/\",\"url\":\"https:\\\/\\\/baxcompany.com\\\/fr\\\/bax-company-devient-bax-6\\\/\",\"name\":\"D\u00e9veloppement de la premi\u00e8re batterie au lithium sans cobalt pour v\u00e9hicules \u00e9lectriques en Espagne - Bax\",\"isPartOf\":{\"@id\":\"https:\\\/\\\/baxcompany.com\\\/fr\\\/#website\"},\"primaryImageOfPage\":{\"@id\":\"https:\\\/\\\/baxcompany.com\\\/fr\\\/bax-company-devient-bax-6\\\/#primaryimage\"},\"image\":{\"@id\":\"https:\\\/\\\/baxcompany.com\\\/fr\\\/bax-company-devient-bax-6\\\/#primaryimage\"},\"thumbnailUrl\":\"https:\\\/\\\/baxcompany.com\\\/wp-content\\\/uploads\\\/2024\\\/01\\\/foto-prototipo-cobra-sin-co-1.jpg\",\"datePublished\":\"2024-01-18T12:09:42+00:00\",\"dateModified\":\"2024-11-12T10:27:09+00:00\",\"description\":\"Dans le cadre d'une avanc\u00e9e majeure pour la mobilit\u00e9 \u00e9lectrique, nos partenaires de COBRA ont mis au point le premier prototype espagnol de batterie lithium-ion grand format sans cobalt pour les v\u00e9hicules \u00e9lectriques. Ce d\u00e9veloppement marque une \u00e9tape cruciale vers la production de batteries non seulement plus respectueuses de l'environnement, mais aussi pr\u00eates \u00e0 affronter la concurrence sur le march\u00e9 mondial.\",\"breadcrumb\":{\"@id\":\"https:\\\/\\\/baxcompany.com\\\/fr\\\/bax-company-devient-bax-6\\\/#breadcrumb\"},\"inLanguage\":\"fr-FR\",\"potentialAction\":[{\"@type\":\"ReadAction\",\"target\":[\"https:\\\/\\\/baxcompany.com\\\/fr\\\/bax-company-devient-bax-6\\\/\"]}]},{\"@type\":\"ImageObject\",\"inLanguage\":\"fr-FR\",\"@id\":\"https:\\\/\\\/baxcompany.com\\\/fr\\\/bax-company-devient-bax-6\\\/#primaryimage\",\"url\":\"https:\\\/\\\/baxcompany.com\\\/wp-content\\\/uploads\\\/2024\\\/01\\\/foto-prototipo-cobra-sin-co-1.jpg\",\"contentUrl\":\"https:\\\/\\\/baxcompany.com\\\/wp-content\\\/uploads\\\/2024\\\/01\\\/foto-prototipo-cobra-sin-co-1.jpg\",\"width\":2000,\"height\":1333},{\"@type\":\"BreadcrumbList\",\"@id\":\"https:\\\/\\\/baxcompany.com\\\/fr\\\/bax-company-devient-bax-6\\\/#breadcrumb\",\"itemListElement\":[{\"@type\":\"ListItem\",\"position\":1,\"name\":\"Home\",\"item\":\"https:\\\/\\\/baxcompany.com\\\/fr\\\/home\\\/\"},{\"@type\":\"ListItem\",\"position\":2,\"name\":\"D\u00e9veloppement de la premi\u00e8re batterie au lithium sans cobalt pour v\u00e9hicules \u00e9lectriques en Espagne\"}]},{\"@type\":\"WebSite\",\"@id\":\"https:\\\/\\\/baxcompany.com\\\/fr\\\/#website\",\"url\":\"https:\\\/\\\/baxcompany.com\\\/fr\\\/\",\"name\":\"Bax\",\"description\":\"Innovation consultancy specialising in pilots, funding and collaborations\",\"publisher\":{\"@id\":\"https:\\\/\\\/baxcompany.com\\\/fr\\\/#organization\"},\"potentialAction\":[{\"@type\":\"SearchAction\",\"target\":{\"@type\":\"EntryPoint\",\"urlTemplate\":\"https:\\\/\\\/baxcompany.com\\\/fr\\\/?s={search_term_string}\"},\"query-input\":{\"@type\":\"PropertyValueSpecification\",\"valueRequired\":true,\"valueName\":\"search_term_string\"}}],\"inLanguage\":\"fr-FR\"},{\"@type\":\"Organization\",\"@id\":\"https:\\\/\\\/baxcompany.com\\\/fr\\\/#organization\",\"name\":\"Bax\",\"url\":\"https:\\\/\\\/baxcompany.com\\\/fr\\\/\",\"logo\":{\"@type\":\"ImageObject\",\"inLanguage\":\"fr-FR\",\"@id\":\"https:\\\/\\\/baxcompany.com\\\/fr\\\/#\\\/schema\\\/logo\\\/image\\\/\",\"url\":\"https:\\\/\\\/baxcompany.com\\\/wp-content\\\/uploads\\\/2024\\\/05\\\/cropped-Bax-favicon.png\",\"contentUrl\":\"https:\\\/\\\/baxcompany.com\\\/wp-content\\\/uploads\\\/2024\\\/05\\\/cropped-Bax-favicon.png\",\"width\":512,\"height\":512,\"caption\":\"Bax\"},\"image\":{\"@id\":\"https:\\\/\\\/baxcompany.com\\\/fr\\\/#\\\/schema\\\/logo\\\/image\\\/\"}},{\"@type\":\"Person\",\"@id\":\"https:\\\/\\\/baxcompany.com\\\/fr\\\/#\\\/schema\\\/person\\\/700b0fea733ef875bcfc2688a1e841d3\",\"name\":\"Amy McCready\",\"url\":\"https:\\\/\\\/baxcompany.com\\\/fr\\\/author\\\/amc\\\/\"}]}<\/script>\n<!-- \/ Yoast SEO plugin. -->","yoast_head_json":{"title":"D\u00e9veloppement de la premi\u00e8re batterie au lithium sans cobalt pour v\u00e9hicules \u00e9lectriques en Espagne - Bax","description":"Dans le cadre d'une avanc\u00e9e majeure pour la mobilit\u00e9 \u00e9lectrique, nos partenaires de COBRA ont mis au point le premier prototype espagnol de batterie lithium-ion grand format sans cobalt pour les v\u00e9hicules \u00e9lectriques. Ce d\u00e9veloppement marque une \u00e9tape cruciale vers la production de batteries non seulement plus respectueuses de l'environnement, mais aussi pr\u00eates \u00e0 affronter la concurrence sur le march\u00e9 mondial.","robots":{"index":"index","follow":"follow","max-snippet":"max-snippet:-1","max-image-preview":"max-image-preview:large","max-video-preview":"max-video-preview:-1"},"canonical":"https:\/\/baxcompany.com\/fr\/bax-company-devient-bax-6\/","og_locale":"fr_FR","og_type":"article","og_title":"D\u00e9veloppement de la premi\u00e8re batterie au lithium sans cobalt pour v\u00e9hicules \u00e9lectriques en Espagne - Bax","og_description":"Dans le cadre d'une avanc\u00e9e majeure pour la mobilit\u00e9 \u00e9lectrique, nos partenaires de COBRA ont mis au point le premier prototype espagnol de batterie lithium-ion grand format sans cobalt pour les v\u00e9hicules \u00e9lectriques. Ce d\u00e9veloppement marque une \u00e9tape cruciale vers la production de batteries non seulement plus respectueuses de l'environnement, mais aussi pr\u00eates \u00e0 affronter la concurrence sur le march\u00e9 mondial.","og_url":"https:\/\/baxcompany.com\/fr\/bax-company-devient-bax-6\/","og_site_name":"Bax","article_published_time":"2024-01-18T12:09:42+00:00","article_modified_time":"2024-11-12T10:27:09+00:00","og_image":[{"width":2000,"height":1333,"url":"https:\/\/baxcompany.com\/wp-content\/uploads\/2024\/01\/foto-prototipo-cobra-sin-co-1.jpg","type":"image\/jpeg"}],"author":"Amy McCready","twitter_card":"summary_large_image","twitter_misc":{"\u00c9crit par":"Amy McCready","Dur\u00e9e de lecture estim\u00e9e":"5 minutes"},"schema":{"@context":"https:\/\/schema.org","@graph":[{"@type":"Article","@id":"https:\/\/baxcompany.com\/fr\/bax-company-devient-bax-6\/#article","isPartOf":{"@id":"https:\/\/baxcompany.com\/fr\/bax-company-devient-bax-6\/"},"author":{"name":"Amy McCready","@id":"https:\/\/baxcompany.com\/fr\/#\/schema\/person\/700b0fea733ef875bcfc2688a1e841d3"},"headline":"D\u00e9veloppement de la premi\u00e8re batterie au lithium sans cobalt pour v\u00e9hicules \u00e9lectriques en Espagne","datePublished":"2024-01-18T12:09:42+00:00","dateModified":"2024-11-12T10:27:09+00:00","mainEntityOfPage":{"@id":"https:\/\/baxcompany.com\/fr\/bax-company-devient-bax-6\/"},"wordCount":1037,"publisher":{"@id":"https:\/\/baxcompany.com\/fr\/#organization"},"image":{"@id":"https:\/\/baxcompany.com\/fr\/bax-company-devient-bax-6\/#primaryimage"},"thumbnailUrl":"https:\/\/baxcompany.com\/wp-content\/uploads\/2024\/01\/foto-prototipo-cobra-sin-co-1.jpg","keywords":["L'\u00e9nergie","Materials","Mat\u00e9riaux"],"articleSection":["Non classifi\u00e9(e)","Perspectives"],"inLanguage":"fr-FR"},{"@type":"WebPage","@id":"https:\/\/baxcompany.com\/fr\/bax-company-devient-bax-6\/","url":"https:\/\/baxcompany.com\/fr\/bax-company-devient-bax-6\/","name":"D\u00e9veloppement de la premi\u00e8re batterie au lithium sans cobalt pour v\u00e9hicules \u00e9lectriques en Espagne - Bax","isPartOf":{"@id":"https:\/\/baxcompany.com\/fr\/#website"},"primaryImageOfPage":{"@id":"https:\/\/baxcompany.com\/fr\/bax-company-devient-bax-6\/#primaryimage"},"image":{"@id":"https:\/\/baxcompany.com\/fr\/bax-company-devient-bax-6\/#primaryimage"},"thumbnailUrl":"https:\/\/baxcompany.com\/wp-content\/uploads\/2024\/01\/foto-prototipo-cobra-sin-co-1.jpg","datePublished":"2024-01-18T12:09:42+00:00","dateModified":"2024-11-12T10:27:09+00:00","description":"Dans le cadre d'une avanc\u00e9e majeure pour la mobilit\u00e9 \u00e9lectrique, nos partenaires de COBRA ont mis au point le premier prototype espagnol de batterie lithium-ion grand format sans cobalt pour les v\u00e9hicules \u00e9lectriques. Ce d\u00e9veloppement marque une \u00e9tape cruciale vers la production de batteries non seulement plus respectueuses de l'environnement, mais aussi pr\u00eates \u00e0 affronter la concurrence sur le march\u00e9 mondial.","breadcrumb":{"@id":"https:\/\/baxcompany.com\/fr\/bax-company-devient-bax-6\/#breadcrumb"},"inLanguage":"fr-FR","potentialAction":[{"@type":"ReadAction","target":["https:\/\/baxcompany.com\/fr\/bax-company-devient-bax-6\/"]}]},{"@type":"ImageObject","inLanguage":"fr-FR","@id":"https:\/\/baxcompany.com\/fr\/bax-company-devient-bax-6\/#primaryimage","url":"https:\/\/baxcompany.com\/wp-content\/uploads\/2024\/01\/foto-prototipo-cobra-sin-co-1.jpg","contentUrl":"https:\/\/baxcompany.com\/wp-content\/uploads\/2024\/01\/foto-prototipo-cobra-sin-co-1.jpg","width":2000,"height":1333},{"@type":"BreadcrumbList","@id":"https:\/\/baxcompany.com\/fr\/bax-company-devient-bax-6\/#breadcrumb","itemListElement":[{"@type":"ListItem","position":1,"name":"Home","item":"https:\/\/baxcompany.com\/fr\/home\/"},{"@type":"ListItem","position":2,"name":"D\u00e9veloppement de la premi\u00e8re batterie au lithium sans cobalt pour v\u00e9hicules \u00e9lectriques en Espagne"}]},{"@type":"WebSite","@id":"https:\/\/baxcompany.com\/fr\/#website","url":"https:\/\/baxcompany.com\/fr\/","name":"Bax","description":"Innovation consultancy specialising in pilots, funding and collaborations","publisher":{"@id":"https:\/\/baxcompany.com\/fr\/#organization"},"potentialAction":[{"@type":"SearchAction","target":{"@type":"EntryPoint","urlTemplate":"https:\/\/baxcompany.com\/fr\/?s={search_term_string}"},"query-input":{"@type":"PropertyValueSpecification","valueRequired":true,"valueName":"search_term_string"}}],"inLanguage":"fr-FR"},{"@type":"Organization","@id":"https:\/\/baxcompany.com\/fr\/#organization","name":"Bax","url":"https:\/\/baxcompany.com\/fr\/","logo":{"@type":"ImageObject","inLanguage":"fr-FR","@id":"https:\/\/baxcompany.com\/fr\/#\/schema\/logo\/image\/","url":"https:\/\/baxcompany.com\/wp-content\/uploads\/2024\/05\/cropped-Bax-favicon.png","contentUrl":"https:\/\/baxcompany.com\/wp-content\/uploads\/2024\/05\/cropped-Bax-favicon.png","width":512,"height":512,"caption":"Bax"},"image":{"@id":"https:\/\/baxcompany.com\/fr\/#\/schema\/logo\/image\/"}},{"@type":"Person","@id":"https:\/\/baxcompany.com\/fr\/#\/schema\/person\/700b0fea733ef875bcfc2688a1e841d3","name":"Amy McCready","url":"https:\/\/baxcompany.com\/fr\/author\/amc\/"}]}},"jetpack_featured_media_url":"https:\/\/baxcompany.com\/wp-content\/uploads\/2024\/01\/foto-prototipo-cobra-sin-co-1.jpg","jetpack_sharing_enabled":true,"_links":{"self":[{"href":"https:\/\/baxcompany.com\/fr\/wp-json\/wp\/v2\/posts\/10277","targetHints":{"allow":["GET"]}}],"collection":[{"href":"https:\/\/baxcompany.com\/fr\/wp-json\/wp\/v2\/posts"}],"about":[{"href":"https:\/\/baxcompany.com\/fr\/wp-json\/wp\/v2\/types\/post"}],"author":[{"embeddable":true,"href":"https:\/\/baxcompany.com\/fr\/wp-json\/wp\/v2\/users\/4"}],"replies":[{"embeddable":true,"href":"https:\/\/baxcompany.com\/fr\/wp-json\/wp\/v2\/comments?post=10277"}],"version-history":[{"count":4,"href":"https:\/\/baxcompany.com\/fr\/wp-json\/wp\/v2\/posts\/10277\/revisions"}],"predecessor-version":[{"id":12608,"href":"https:\/\/baxcompany.com\/fr\/wp-json\/wp\/v2\/posts\/10277\/revisions\/12608"}],"wp:featuredmedia":[{"embeddable":true,"href":"https:\/\/baxcompany.com\/fr\/wp-json\/wp\/v2\/media\/10287"}],"wp:attachment":[{"href":"https:\/\/baxcompany.com\/fr\/wp-json\/wp\/v2\/media?parent=10277"}],"wp:term":[{"taxonomy":"category","embeddable":true,"href":"https:\/\/baxcompany.com\/fr\/wp-json\/wp\/v2\/categories?post=10277"},{"taxonomy":"post_tag","embeddable":true,"href":"https:\/\/baxcompany.com\/fr\/wp-json\/wp\/v2\/tags?post=10277"}],"curies":[{"name":"wp","href":"https:\/\/api.w.org\/{rel}","templated":true}]}}