{"id":8867,"date":"2024-05-30T12:54:36","date_gmt":"2024-05-30T10:54:36","guid":{"rendered":"https:\/\/baxcompany.com\/?p=8867"},"modified":"2024-11-12T11:25:05","modified_gmt":"2024-11-12T10:25:05","slug":"bax-company-devient-bax-2","status":"publish","type":"post","link":"https:\/\/baxcompany.com\/fr\/bax-company-devient-bax-2\/","title":{"rendered":"Revitaliser le quartier industriel de Bes\u00f2s \u00e0 Barcelone gr\u00e2ce \u00e0 un urbanisme sain"},"content":{"rendered":"\t\t<div data-elementor-type=\"wp-post\" data-elementor-id=\"8867\" class=\"elementor elementor-8867 elementor-8865\" data-elementor-post-type=\"post\">\n\t\t\t\t<div class=\"elementor-element elementor-element-579bdd9 e-flex e-con-boxed e-con e-parent\" data-id=\"579bdd9\" data-element_type=\"container\" data-e-type=\"container\">\n\t\t\t\t\t<div class=\"e-con-inner\">\n\t\t\t\t<div class=\"elementor-element elementor-element-1d39dfc1 elementor-widget elementor-widget-text-editor\" data-id=\"1d39dfc1\" data-element_type=\"widget\" data-e-type=\"widget\" data-widget_type=\"text-editor.default\">\n\t\t\t\t<div class=\"elementor-widget-container\">\n\t\t\t\t\t\t\t\t\t<p>Le conseil municipal de Barcelone a confi\u00e9 \u00e0 Bax l&rsquo;\u00e9laboration d&rsquo;une strat\u00e9gie de r\u00e9am\u00e9nagement urbain pour l&rsquo;un des plus grands districts industriels de la ville. Le quartier qui entoure la zone industrielle est l&rsquo;une des zones les plus d\u00e9favoris\u00e9es de Barcelone, avec une esp\u00e9rance de vie inf\u00e9rieure de 12 ans \u00e0 celle des quartiers plus ais\u00e9s de la ville. Notre strat\u00e9gie imagine un quartier de l&rsquo;innovation qui offrira aux habitants et aux entreprises de Bes\u00f2s des emplois de qualit\u00e9, de nombreux espaces verts et des rues bien con\u00e7ues.  <\/p>\n\t\t\t\t\t\t\t\t<\/div>\n\t\t\t\t<\/div>\n\t\t\t\t\t<\/div>\n\t\t\t\t<\/div>\n\t\t<div class=\"elementor-element elementor-element-3bc2b7c6 e-flex e-con-boxed e-con e-parent\" data-id=\"3bc2b7c6\" data-element_type=\"container\" data-e-type=\"container\">\n\t\t\t\t\t<div class=\"e-con-inner\">\n\t\t\t\t<div class=\"elementor-element elementor-element-7383fbd elementor-widget elementor-widget-text-editor\" data-id=\"7383fbd\" data-element_type=\"widget\" data-e-type=\"widget\" data-widget_type=\"text-editor.default\">\n\t\t\t\t<div class=\"elementor-widget-container\">\n\t\t\t\t\t\t\t\t\t<p>Il y a 30 ans, un projet de r\u00e9g\u00e9n\u00e9ration historique a permis de transformer la rivi\u00e8re Bes\u00f2s de Barcelone en un espace vert dynamique o\u00f9 les habitants se prom\u00e8nent, font du v\u00e9lo et se divertissent. Le quartier industriel voisin de Bes\u00f2s va maintenant b\u00e9n\u00e9ficier d&rsquo;un traitement similaire. \u00c0 l&rsquo;issue d&rsquo;un appel d&rsquo;offres ouvert, le conseil municipal de Barcelone a choisi Bax pour \u00e9laborer une strat\u00e9gie visant \u00e0 redynamiser le quartier et \u00e0 orienter la r\u00e9g\u00e9n\u00e9ration vers davantage d&rsquo;espaces verts, des emplois de qualit\u00e9 et des rues qui favorisent des modes de vie sains et sociaux.  <\/p>\n<p>Abritant plus de 45 000 personnes, les quartiers entourant le district industriel de Besos font partie des zones les plus d\u00e9favoris\u00e9es de la ville. Les changements \u00e9conomiques de la ville ont r\u00e9duit les opportunit\u00e9s pour ses habitants, et la d\u00e9gradation des conditions socio-\u00e9conomiques a conduit \u00e0 une esp\u00e9rance de vie moyenne inf\u00e9rieure de 12 ans \u00e0 celle des quartiers plus ais\u00e9s de la ville. <\/p>\n<p>Depuis des d\u00e9cennies, la r\u00e9g\u00e9n\u00e9ration de la zone du Bes\u00f2s est reconnue comme une priorit\u00e9 pour la ville. Au d\u00e9but de l&rsquo;ann\u00e9e, Bax s&rsquo;est vu confier la direction de ce processus. En collaboration avec l&rsquo;architecte <a href=\"https:\/\/www.linkedin.com\/in\/honorata\/\" target=\"_blank\" rel=\"noopener\">Honorata Grzesikowska<\/a>, <strong>Bax a \u00e9labor\u00e9 l&rsquo;\u00e9tude urbaine strat\u00e9gique Bes\u00f2s 22+<\/strong>, une vision audacieuse visant \u00e0 revitaliser le quartier de 153 hectares avec des emplois de haute qualit\u00e9, un design sain et de nombreux espaces verts.  <\/p>\n\t\t\t\t\t\t\t\t<\/div>\n\t\t\t\t<\/div>\n\t\t\t\t\t<\/div>\n\t\t\t\t<\/div>\n\t\t<div class=\"elementor-element elementor-element-fe160fa e-flex e-con-boxed e-con e-parent\" data-id=\"fe160fa\" data-element_type=\"container\" data-e-type=\"container\">\n\t\t\t\t\t<div class=\"e-con-inner\">\n\t\t\t\t<div class=\"elementor-element elementor-element-11595d1 dce_masking-none elementor-widget elementor-widget-image\" data-id=\"11595d1\" data-element_type=\"widget\" data-e-type=\"widget\" data-widget_type=\"image.default\">\n\t\t\t\t<div class=\"elementor-widget-container\">\n\t\t\t\t\t\t\t\t\t\t\t\t\t\t\t<img fetchpriority=\"high\" decoding=\"async\" width=\"1050\" height=\"596\" src=\"https:\/\/baxcompany.com\/wp-content\/uploads\/2024\/05\/screenshot-2023-11-05-at-16.54.45.png\" class=\"attachment-full size-full wp-image-8883\" alt=\"\" srcset=\"https:\/\/baxcompany.com\/wp-content\/uploads\/2024\/05\/screenshot-2023-11-05-at-16.54.45.png 1050w, https:\/\/baxcompany.com\/wp-content\/uploads\/2024\/05\/screenshot-2023-11-05-at-16.54.45-300x170.png 300w, https:\/\/baxcompany.com\/wp-content\/uploads\/2024\/05\/screenshot-2023-11-05-at-16.54.45-1024x581.png 1024w, https:\/\/baxcompany.com\/wp-content\/uploads\/2024\/05\/screenshot-2023-11-05-at-16.54.45-768x436.png 768w\" sizes=\"(max-width: 1050px) 100vw, 1050px\" \/>\t\t\t\t\t\t\t\t\t\t\t\t\t\t\t<\/div>\n\t\t\t\t<\/div>\n\t\t\t\t<div class=\"elementor-element elementor-element-c371935 elementor-widget elementor-widget-text-editor\" data-id=\"c371935\" data-element_type=\"widget\" data-e-type=\"widget\" data-widget_type=\"text-editor.default\">\n\t\t\t\t<div class=\"elementor-widget-container\">\n\t\t\t\t\t\t\t\t\t<p>22+ transformera une zone d&rsquo;environ la moiti\u00e9 de la taille de Central Park en un nouveau p\u00f4le d&rsquo;industrie innovante et de bien-\u00eatre pour la ville. Il r\u00e9unit les principales conclusions des \u00e9tudes pr\u00e9c\u00e9dentes sur la zone, notamment le <em>Masterplan Urban\u00edstic i Econ\u00f2mic del Districte d&rsquo;Innovaci\u00f3 de Barcelona<\/em> de <a href=\"https:\/\/www.linkedin.com\/in\/ramongras\/\" target=\"_blank\" rel=\"noopener\">Ramon Gras<\/a> et de l&rsquo;\u00e9quipe d&rsquo;<a href=\"https:\/\/www.aretian.com\/\" target=\"_blank\" rel=\"noopener\">Aretian<\/a>, en une seule strat\u00e9gie globale pour la sant\u00e9. S&rsquo;inspirant des meilleurs exemples contemporains en Europe, elle repensera la mani\u00e8re dont les personnes et les entreprises se d\u00e9placent, op\u00e8rent et vivent dans la r\u00e9gion. La strat\u00e9gie comprend   <\/p>\n<ul>\n<li>Les \u00ab\u00a0axes verts\u00a0\u00bb constitueront des passages d&rsquo;arbres et de parcs qui doubleront l&rsquo;ensemble des espaces verts de la r\u00e9gion.<\/li>\n<li>Une conception polycentrique permettra de cr\u00e9er non pas un, mais trois p\u00f4les dynamiques dans lesquels les communaut\u00e9s pourront se rencontrer et organiser des \u00e9v\u00e9nements.<\/li>\n<li>Les changements apport\u00e9s \u00e0 la hi\u00e9rarchie routi\u00e8re encourageront les d\u00e9placements \u00e0 v\u00e9lo et \u00e0 pied sans perturber l&rsquo;activit\u00e9 industrielle.<\/li>\n<li>L&rsquo;accent mis sur les emplois verts de haute qualit\u00e9 contribuera \u00e0 r\u00e9duire la d\u00e9pendance croissante de la r\u00e9gion \u00e0 l&rsquo;\u00e9gard de l&rsquo;industrie logistique.<\/li>\n<\/ul>\n\t\t\t\t\t\t\t\t<\/div>\n\t\t\t\t<\/div>\n\t\t<div class=\"elementor-element elementor-element-bb33470 e-con-full e-flex e-con e-child\" data-id=\"bb33470\" data-element_type=\"container\" data-e-type=\"container\" data-settings=\"{&quot;background_background&quot;:&quot;classic&quot;}\">\n\t\t\t\t<div class=\"elementor-element elementor-element-0ac52ae elementor-widget__width-initial elementor-widget elementor-widget-text-editor\" data-id=\"0ac52ae\" data-element_type=\"widget\" data-e-type=\"widget\" data-widget_type=\"text-editor.default\">\n\t\t\t\t<div class=\"elementor-widget-container\">\n\t\t\t\t\t\t\t\t\t<p>Le quartier de Bes\u00f2s se trouve \u00e0 20 minutes \u00e0 v\u00e9lo de notre bureau de Barcelone. Il s&rsquo;agit d&rsquo;une partie importante de la ville, et lorsque nous avons \u00e9t\u00e9 choisis pour \u00e9laborer sa strat\u00e9gie de red\u00e9veloppement, nous avons \u00e9t\u00e9 ravis. Cette strat\u00e9gie fait appel \u00e0 l&rsquo;expertise de l&rsquo;ensemble de l&rsquo;entreprise. De l&rsquo;urbanisme sain \u00e0 l&rsquo;\u00e9cologisation, de la mobilit\u00e9 \u00e0 l&rsquo;\u00e9nergie, il s&rsquo;agissait v\u00e9ritablement d&rsquo;un effort de l&rsquo;ensemble des consultants pour am\u00e9liorer la vie dans un quartier qui se trouve \u00e0 notre porte.   <\/p>\n\t\t\t\t\t\t\t\t<\/div>\n\t\t\t\t<\/div>\n\t\t\t\t<div class=\"elementor-element elementor-element-71c7d38 elementor-widget__width-initial elementor-widget elementor-widget-text-editor\" data-id=\"71c7d38\" data-element_type=\"widget\" data-e-type=\"widget\" data-widget_type=\"text-editor.default\">\n\t\t\t\t<div class=\"elementor-widget-container\">\n\t\t\t\t\t\t\t\t\t<p>&#8211; Sebastiaan van Herk, PDG de Bax<\/p>\n\t\t\t\t\t\t\t\t<\/div>\n\t\t\t\t<\/div>\n\t\t\t\t<\/div>\n\t\t\t\t\t<\/div>\n\t\t\t\t<\/div>\n\t\t<div class=\"elementor-element elementor-element-2f820e3 e-flex e-con-boxed e-con e-parent\" data-id=\"2f820e3\" data-element_type=\"container\" data-e-type=\"container\">\n\t\t\t\t\t<div class=\"e-con-inner\">\n\t\t\t\t<div class=\"elementor-element elementor-element-f2131bc elementor-widget elementor-widget-text-editor\" data-id=\"f2131bc\" data-element_type=\"widget\" data-e-type=\"widget\" data-widget_type=\"text-editor.default\">\n\t\t\t\t<div class=\"elementor-widget-container\">\n\t\t\t\t\t\t\t\t\t<p>Dirig\u00e9e par l&rsquo;\u00e9quipe \u00ab\u00a0Villes saines\u00a0\u00bb de Bax, la strat\u00e9gie 22+ a \u00e9t\u00e9 salu\u00e9e par la ville pour l&rsquo;importance qu&rsquo;elle accorde \u00e0 la sant\u00e9. La proposition relative \u00e0 la mobilit\u00e9, \u00e0 l&rsquo;am\u00e9nagement des rues, \u00e0 la hi\u00e9rarchisation des routes et \u00e0 la strat\u00e9gie industrielle met l&rsquo;accent sur la promotion de modes de vie sains. La marche et le v\u00e9lo, le temps pass\u00e9 dans les espaces verts et les centres d&rsquo;engagement communautaire contribueront tous \u00e0 faire de Bes\u00f2s un lieu de vie et de travail plus sain.    <\/p>\n\t\t\t\t\t\t\t\t<\/div>\n\t\t\t\t<\/div>\n\t\t<div class=\"elementor-element elementor-element-0bf0604 e-con-full e-flex e-con e-child\" data-id=\"0bf0604\" data-element_type=\"container\" data-e-type=\"container\" data-settings=\"{&quot;background_background&quot;:&quot;classic&quot;}\">\n\t\t\t\t<div class=\"elementor-element elementor-element-c61b6c8 elementor-widget__width-initial elementor-widget elementor-widget-text-editor\" data-id=\"c61b6c8\" data-element_type=\"widget\" data-e-type=\"widget\" data-widget_type=\"text-editor.default\">\n\t\t\t\t<div class=\"elementor-widget-container\">\n\t\t\t\t\t\t\t\t\t<p>Les habitants du Bes\u00f2s souffrent davantage d&rsquo;ob\u00e9sit\u00e9, de diab\u00e8te et de probl\u00e8mes de sant\u00e9 mentale que le reste de la ville. Nous avons vu dans la r\u00e9g\u00e9n\u00e9ration de la zone une occasion id\u00e9ale de placer un mode de vie sain au c\u0153ur de la conception du quartier. Gr\u00e2ce \u00e0 la strat\u00e9gie 22+, cette r\u00e9g\u00e9n\u00e9ration ponctuelle am\u00e9liorera le bien-\u00eatre d&rsquo;au moins trois g\u00e9n\u00e9rations d&rsquo;habitants du Bes\u00f2s.  <\/p>\n\t\t\t\t\t\t\t\t<\/div>\n\t\t\t\t<\/div>\n\t\t\t\t<div class=\"elementor-element elementor-element-bc0b20e elementor-widget__width-initial elementor-widget elementor-widget-text-editor\" data-id=\"bc0b20e\" data-element_type=\"widget\" data-e-type=\"widget\" data-widget_type=\"text-editor.default\">\n\t\t\t\t<div class=\"elementor-widget-container\">\n\t\t\t\t\t\t\t\t\t<p>&#8211; Marta Rofin Serra, responsable des villes-sant\u00e9 \u00e0 Bax<\/p>\n\t\t\t\t\t\t\t\t<\/div>\n\t\t\t\t<\/div>\n\t\t\t\t<\/div>\n\t\t\t\t\t<\/div>\n\t\t\t\t<\/div>\n\t\t<div class=\"elementor-element elementor-element-9ccb0a4 e-flex e-con-boxed e-con e-parent\" data-id=\"9ccb0a4\" data-element_type=\"container\" data-e-type=\"container\">\n\t\t\t\t\t<div class=\"e-con-inner\">\n\t\t\t\t<div data-dce-text-color=\"#00B398\" class=\"elementor-element elementor-element-9ae45ce elementor-widget elementor-widget-text-editor\" data-id=\"9ae45ce\" data-element_type=\"widget\" data-e-type=\"widget\" data-widget_type=\"text-editor.default\">\n\t\t\t\t<div class=\"elementor-widget-container\">\n\t\t\t\t\t\t\t\t\t<p>Explorer 22+<\/p>\n\t\t\t\t\t\t\t\t<\/div>\n\t\t\t\t<\/div>\n\t\t\t\t<div class=\"elementor-element elementor-element-d303a3a elementor-widget elementor-widget-text-editor\" data-id=\"d303a3a\" data-element_type=\"widget\" data-e-type=\"widget\" data-widget_type=\"text-editor.default\">\n\t\t\t\t<div class=\"elementor-widget-container\">\n\t\t\t\t\t\t\t\t\t<p><b>Des rues plus vertes pour les d\u00e9placements actifs et les jeux<\/b><\/p>\n\t\t\t\t\t\t\t\t<\/div>\n\t\t\t\t<\/div>\n\t\t\t\t\t<\/div>\n\t\t\t\t<\/div>\n\t\t<div class=\"elementor-element elementor-element-168e80b e-flex e-con-boxed e-con e-parent\" data-id=\"168e80b\" data-element_type=\"container\" data-e-type=\"container\">\n\t\t\t\t\t<div class=\"e-con-inner\">\n\t\t\t\t<div class=\"elementor-element elementor-element-e4c4244 elementor-widget elementor-widget-text-editor\" data-id=\"e4c4244\" data-element_type=\"widget\" data-e-type=\"widget\" data-widget_type=\"text-editor.default\">\n\t\t\t\t<div class=\"elementor-widget-container\">\n\t\t\t\t\t\t\t\t\t<p>L&rsquo;acc\u00e8s aux espaces verts joue un r\u00f4le important pour la sant\u00e9 physique et mentale dans les villes. L&rsquo;initiative 22+ vise \u00e0 doubler l&rsquo;espace vert disponible dans les Bes\u00f2s, en le faisant passer de 2,5 m \u00e0 5 m pour 100 <sup>m2<\/sup>.   <\/p>\n<p>Cet objectif sera atteint gr\u00e2ce \u00e0 la cr\u00e9ation de sept nouvelles voies vertes, connues sous le nom d'\u00a0\u00bbaxes verts\u00a0\u00bb. Reliant le parc fluvial du quartier au futur parc de Sagrera, les Axes offriront des chemins agr\u00e9ables pour les promeneurs et les cyclistes \u00e0 travers le quartier. Des espaces publics seront am\u00e9nag\u00e9s le long des axes, qu&rsquo;il s&rsquo;agisse de petites zones de rassemblement pour les pique-niques en famille ou de vastes espaces verts pour les longues promenades.  <\/p>\n<p>La rivi\u00e8re Bes\u00f2s, \u00e0 l&rsquo;<a href=\"https:\/\/www.barcelona-metropolitan.com\/living\/besos-river-park-a-recovered-wetland-sanctuary\/\">origine de la r\u00e9g\u00e9n\u00e9ration de la zone dans les ann\u00e9es 1990<\/a>, joue \u00e9galement un r\u00f4le. La strat\u00e9gie propose de construire de nouveaux ponts sur la rivi\u00e8re afin d&rsquo;am\u00e9liorer la connectivit\u00e9 entre les rives, d&rsquo;am\u00e9liorer l&rsquo;acc\u00e8s au parc riverain et de rendre les d\u00e9placements \u00e0 v\u00e9lo et \u00e0 pied plus attrayants. Le projet 22+ pr\u00e9voit un front de mer Bes\u00f2s anim\u00e9, bord\u00e9 de caf\u00e9s, de restaurants, d&rsquo;entreprises et d&rsquo;institutions culturelles.  <\/p>\n\t\t\t\t\t\t\t\t<\/div>\n\t\t\t\t<\/div>\n\t\t\t\t<div class=\"elementor-element elementor-element-16c3c26 dce_masking-none elementor-widget elementor-widget-image\" data-id=\"16c3c26\" data-element_type=\"widget\" data-e-type=\"widget\" data-widget_type=\"image.default\">\n\t\t\t\t<div class=\"elementor-widget-container\">\n\t\t\t\t\t\t\t\t\t\t\t\t\t\t\t<img decoding=\"async\" width=\"2560\" height=\"1707\" src=\"https:\/\/baxcompany.com\/wp-content\/uploads\/2024\/05\/1-2.png\" class=\"attachment-full size-full wp-image-8922\" alt=\"\" srcset=\"https:\/\/baxcompany.com\/wp-content\/uploads\/2024\/05\/1-2.png 2560w, https:\/\/baxcompany.com\/wp-content\/uploads\/2024\/05\/1-2-300x200.png 300w, https:\/\/baxcompany.com\/wp-content\/uploads\/2024\/05\/1-2-1024x683.png 1024w, https:\/\/baxcompany.com\/wp-content\/uploads\/2024\/05\/1-2-768x512.png 768w, https:\/\/baxcompany.com\/wp-content\/uploads\/2024\/05\/1-2-1536x1024.png 1536w, https:\/\/baxcompany.com\/wp-content\/uploads\/2024\/05\/1-2-2048x1366.png 2048w\" sizes=\"(max-width: 2560px) 100vw, 2560px\" \/>\t\t\t\t\t\t\t\t\t\t\t\t\t\t\t<\/div>\n\t\t\t\t<\/div>\n\t\t\t\t\t<\/div>\n\t\t\t\t<\/div>\n\t\t<div class=\"elementor-element elementor-element-f8793e3 e-flex e-con-boxed e-con e-parent\" data-id=\"f8793e3\" data-element_type=\"container\" data-e-type=\"container\">\n\t\t\t\t\t<div class=\"e-con-inner\">\n\t\t\t\t<div class=\"elementor-element elementor-element-4bc1642 elementor-widget elementor-widget-text-editor\" data-id=\"4bc1642\" data-element_type=\"widget\" data-e-type=\"widget\" data-widget_type=\"text-editor.default\">\n\t\t\t\t<div class=\"elementor-widget-container\">\n\t\t\t\t\t\t\t\t\t<p><b>Des emplois de qualit\u00e9 et de l&rsquo;\u00e9nergie verte dans un nouvel \u00e9cosyst\u00e8me innovant<\/b><\/p>\n\t\t\t\t\t\t\t\t<\/div>\n\t\t\t\t<\/div>\n\t\t\t\t\t<\/div>\n\t\t\t\t<\/div>\n\t\t<div class=\"elementor-element elementor-element-ac37a57 e-flex e-con-boxed e-con e-parent\" data-id=\"ac37a57\" data-element_type=\"container\" data-e-type=\"container\">\n\t\t\t\t\t<div class=\"e-con-inner\">\n\t\t\t\t<div class=\"elementor-element elementor-element-752e4b9 elementor-widget elementor-widget-text-editor\" data-id=\"752e4b9\" data-element_type=\"widget\" data-e-type=\"widget\" data-widget_type=\"text-editor.default\">\n\t\t\t\t<div class=\"elementor-widget-container\">\n\t\t\t\t\t\t\t\t\t<p>Ces derni\u00e8res ann\u00e9es, le district industriel de Bes\u00f2s a \u00e9t\u00e9 de plus en plus domin\u00e9 par de grands centres logistiques pour le commerce \u00e9lectronique. Bien que ces entreprises soient d&rsquo;importantes sources d&#8217;emplois, leur large empreinte et leur manque d&rsquo;interaction avec les quartiers locaux n\u00e9cessitent de repenser la mani\u00e8re dont l&rsquo;industrie est int\u00e9gr\u00e9e dans la zone. <\/p>\n<p>La strat\u00e9gie 22+ y parvient en r\u00e9imaginant le r\u00f4le de l&rsquo;industrie urbaine et en proposant un \u00e9cosyst\u00e8me pour la production locale et l&rsquo;innovation. La strat\u00e9gie propos\u00e9e vise \u00e0 attirer des entreprises innovantes, en d\u00e9pla\u00e7ant les activit\u00e9s de stockage et de logistique qui ont fini par dominer le quartier vers des sites ext\u00e9rieurs.   <\/p>\n<p>22+ envisage \u00e9galement une transformation de l&rsquo;\u00e9nergie verte dans la r\u00e9gion, en cr\u00e9ant une source d&rsquo;\u00e9nergie renouvelable \u00e0 faible co\u00fbt qui constituera un avantage concurrentiel pour la r\u00e9gion. La strat\u00e9gie vise \u00e0 produire 84,9 GWh par an \u00e0 l&rsquo;aide de panneaux photovolta\u00efques. Cela permettra \u00e0 la r\u00e9gion du Bes\u00f2s de devenir l&rsquo;un des \u00ab\u00a0quartiers \u00e0 \u00e9nergie positive\u00a0\u00bb d&rsquo;Europe, en g\u00e9n\u00e9rant 112 % de ses besoins \u00e9nerg\u00e9tiques locaux.  <\/p>\n\t\t\t\t\t\t\t\t<\/div>\n\t\t\t\t<\/div>\n\t\t\t\t<div class=\"elementor-element elementor-element-696806c dce_masking-none elementor-widget elementor-widget-image\" data-id=\"696806c\" data-element_type=\"widget\" data-e-type=\"widget\" data-widget_type=\"image.default\">\n\t\t\t\t<div class=\"elementor-widget-container\">\n\t\t\t\t\t\t\t\t\t\t\t\t\t\t\t<img decoding=\"async\" width=\"2560\" height=\"1707\" src=\"https:\/\/baxcompany.com\/wp-content\/uploads\/2024\/05\/2-3.png\" class=\"attachment-full size-full wp-image-8927\" alt=\"\" srcset=\"https:\/\/baxcompany.com\/wp-content\/uploads\/2024\/05\/2-3.png 2560w, https:\/\/baxcompany.com\/wp-content\/uploads\/2024\/05\/2-3-300x200.png 300w, https:\/\/baxcompany.com\/wp-content\/uploads\/2024\/05\/2-3-1024x683.png 1024w, https:\/\/baxcompany.com\/wp-content\/uploads\/2024\/05\/2-3-768x512.png 768w, https:\/\/baxcompany.com\/wp-content\/uploads\/2024\/05\/2-3-1536x1024.png 1536w, https:\/\/baxcompany.com\/wp-content\/uploads\/2024\/05\/2-3-2048x1366.png 2048w\" sizes=\"(max-width: 2560px) 100vw, 2560px\" \/>\t\t\t\t\t\t\t\t\t\t\t\t\t\t\t<\/div>\n\t\t\t\t<\/div>\n\t\t\t\t\t<\/div>\n\t\t\t\t<\/div>\n\t\t<div class=\"elementor-element elementor-element-f584810 e-flex e-con-boxed e-con e-parent\" data-id=\"f584810\" data-element_type=\"container\" data-e-type=\"container\">\n\t\t\t\t\t<div class=\"e-con-inner\">\n\t\t\t\t<div class=\"elementor-element elementor-element-b5b187c elementor-widget elementor-widget-text-editor\" data-id=\"b5b187c\" data-element_type=\"widget\" data-e-type=\"widget\" data-widget_type=\"text-editor.default\">\n\t\t\t\t<div class=\"elementor-widget-container\">\n\t\t\t\t\t\t\t\t\t<p><b>Une conception polycentrique avec de multiples centres communautaires<\/b><\/p>\n\t\t\t\t\t\t\t\t<\/div>\n\t\t\t\t<\/div>\n\t\t\t\t\t<\/div>\n\t\t\t\t<\/div>\n\t\t<div class=\"elementor-element elementor-element-7b9b1a0 e-flex e-con-boxed e-con e-parent\" data-id=\"7b9b1a0\" data-element_type=\"container\" data-e-type=\"container\">\n\t\t\t\t\t<div class=\"e-con-inner\">\n\t\t\t\t<div class=\"elementor-element elementor-element-0ab7f63 elementor-widget elementor-widget-text-editor\" data-id=\"0ab7f63\" data-element_type=\"widget\" data-e-type=\"widget\" data-widget_type=\"text-editor.default\">\n\t\t\t\t<div class=\"elementor-widget-container\">\n\t\t\t\t\t\t\t\t\t<p>L&rsquo;une des principales innovations de 22+ est sa conception polycentrique. Plut\u00f4t que de concentrer tous les services importants dans un seul noyau, la conception polycentrique cr\u00e9era trois centres, garantissant que tous les r\u00e9sidents peuvent acc\u00e9der aux services importants \u00e0 proximit\u00e9. Cela favorisera \u00e9galement la formation de communaut\u00e9s locales fortes. Les trois \u00ab\u00a0n\u0153uds\u00a0\u00bb de la conception polycentrique sont situ\u00e9s \u00e0 proximit\u00e9 d&rsquo;espaces verts publics qui peuvent accueillir des activit\u00e9s sportives, r\u00e9cr\u00e9atives ou culturelles pour les habitants de la zone.   <\/p>\n<p>Chacun de ces p\u00f4les accueillera \u00e9galement une vari\u00e9t\u00e9 de services partag\u00e9s, notamment un laboratoire des mat\u00e9riaux qui encouragera l&rsquo;utilisation circulaire des d\u00e9chets dans la r\u00e9gion, des services de covoiturage, un p\u00f4le logistique dot\u00e9 d&rsquo;un syst\u00e8me de distribution cargobike pour la livraison \u00e0 pied sur le dernier kilom\u00e8tre, ainsi que des stations pour les v\u00e9los partag\u00e9s.<\/p>\n\t\t\t\t\t\t\t\t<\/div>\n\t\t\t\t<\/div>\n\t\t\t\t<div class=\"elementor-element elementor-element-f3ad28a dce_masking-none elementor-widget elementor-widget-image\" data-id=\"f3ad28a\" data-element_type=\"widget\" data-e-type=\"widget\" data-widget_type=\"image.default\">\n\t\t\t\t<div class=\"elementor-widget-container\">\n\t\t\t\t\t\t\t\t\t\t\t\t\t\t\t<img loading=\"lazy\" decoding=\"async\" width=\"2560\" height=\"1707\" src=\"https:\/\/baxcompany.com\/wp-content\/uploads\/2024\/05\/friends-sitting-at-sidewalk-cafe-in-town-square-2021-08-29-00-54-25-utc-scaled-1.jpg\" class=\"attachment-full size-full wp-image-8912\" alt=\"\" srcset=\"https:\/\/baxcompany.com\/wp-content\/uploads\/2024\/05\/friends-sitting-at-sidewalk-cafe-in-town-square-2021-08-29-00-54-25-utc-scaled-1.jpg 2560w, https:\/\/baxcompany.com\/wp-content\/uploads\/2024\/05\/friends-sitting-at-sidewalk-cafe-in-town-square-2021-08-29-00-54-25-utc-scaled-1-300x200.jpg 300w, https:\/\/baxcompany.com\/wp-content\/uploads\/2024\/05\/friends-sitting-at-sidewalk-cafe-in-town-square-2021-08-29-00-54-25-utc-scaled-1-1024x683.jpg 1024w, https:\/\/baxcompany.com\/wp-content\/uploads\/2024\/05\/friends-sitting-at-sidewalk-cafe-in-town-square-2021-08-29-00-54-25-utc-scaled-1-768x512.jpg 768w, https:\/\/baxcompany.com\/wp-content\/uploads\/2024\/05\/friends-sitting-at-sidewalk-cafe-in-town-square-2021-08-29-00-54-25-utc-scaled-1-1536x1024.jpg 1536w, https:\/\/baxcompany.com\/wp-content\/uploads\/2024\/05\/friends-sitting-at-sidewalk-cafe-in-town-square-2021-08-29-00-54-25-utc-scaled-1-2048x1366.jpg 2048w\" sizes=\"(max-width: 2560px) 100vw, 2560px\" \/>\t\t\t\t\t\t\t\t\t\t\t\t\t\t\t<\/div>\n\t\t\t\t<\/div>\n\t\t\t\t\t<\/div>\n\t\t\t\t<\/div>\n\t\t<div class=\"elementor-element elementor-element-6866b9a e-flex e-con-boxed e-con e-parent\" data-id=\"6866b9a\" data-element_type=\"container\" data-e-type=\"container\">\n\t\t\t\t\t<div class=\"e-con-inner\">\n\t\t\t\t<div class=\"elementor-element elementor-element-1604bd9 elementor-widget elementor-widget-text-editor\" data-id=\"1604bd9\" data-element_type=\"widget\" data-e-type=\"widget\" data-widget_type=\"text-editor.default\">\n\t\t\t\t<div class=\"elementor-widget-container\">\n\t\t\t\t\t\t\t\t\t<p><b>R\u00e9imaginer les routes pour la mobilit\u00e9 active<\/b><\/p>\n\t\t\t\t\t\t\t\t<\/div>\n\t\t\t\t<\/div>\n\t\t\t\t\t<\/div>\n\t\t\t\t<\/div>\n\t\t<div class=\"elementor-element elementor-element-ca01c70 e-flex e-con-boxed e-con e-parent\" data-id=\"ca01c70\" data-element_type=\"container\" data-e-type=\"container\">\n\t\t\t\t\t<div class=\"e-con-inner\">\n\t\t\t\t<div class=\"elementor-element elementor-element-11b95e4 elementor-widget elementor-widget-text-editor\" data-id=\"11b95e4\" data-element_type=\"widget\" data-e-type=\"widget\" data-widget_type=\"text-editor.default\">\n\t\t\t\t<div class=\"elementor-widget-container\">\n\t\t\t\t\t\t\t\t\t<div class=\"vc_col-sm-6 wpb_column column_container jupiter-donut- _ jupiter-donut-height-full\">\n<div class=\" vc_custom_1699263323884\">\n<div id=\"text-block-35\" class=\"mk-text-block jupiter-donut- \">\n<p>Actuellement, 68 % des habitants de Bes\u00f2s d\u00e9pendent de leur voiture pour aller travailler, et seulement 10 % se d\u00e9placent \u00e0 pied ou \u00e0 v\u00e9lo. 22+ s&rsquo;est appuy\u00e9 sur la vaste exp\u00e9rience de Bax en mati\u00e8re de mobilit\u00e9 des personnes et des marchandises pour r\u00e9orienter la \u00ab\u00a0hi\u00e9rarchie routi\u00e8re\u00a0\u00bb afin d&rsquo;\u00e9quilibrer les besoins de l&rsquo;industrie de la r\u00e9gion et les formes de mobilit\u00e9 active.   <\/p>\n<p>La solution consiste en un am\u00e9nagement routier \u00e0 trois niveaux : des art\u00e8res principales pour les gros v\u00e9hicules soutenant l&rsquo;industrie, un r\u00e9seau de distribution pour les v\u00e9hicules plus petits \u00e0 l&rsquo;int\u00e9rieur de chaque polygone et de grands \u00ab\u00a0super-blocs\u00a0\u00bb dans lesquels la marche et le v\u00e9lo ont la priorit\u00e9.  <\/p>\n<p>Afin d&rsquo;encourager l&rsquo;utilisation de moyens de transport durables, six micro-centres ont \u00e9t\u00e9 inclus dans la strat\u00e9gie, avec des installations pour les cyclistes, des transports publics, des parkings pour v\u00e9los et des options compl\u00e8tes pour la recharge des v\u00e9hicules \u00e9lectriques, le covoiturage et d&rsquo;autres services. Les infrastructures cyclables seront am\u00e9lior\u00e9es et de nouvelles voies seront con\u00e7ues pour les v\u00e9los-cargos afin de permettre une livraison durable sur le dernier kilom\u00e8tre. <\/p>\n<\/div>\n<\/div>\n<\/div>\n\t\t\t\t\t\t\t\t<\/div>\n\t\t\t\t<\/div>\n\t\t\t\t\t<\/div>\n\t\t\t\t<\/div>\n\t\t<div class=\"elementor-element elementor-element-325f80d e-flex e-con-boxed e-con e-parent\" data-id=\"325f80d\" data-element_type=\"container\" data-e-type=\"container\">\n\t\t\t\t\t<div class=\"e-con-inner\">\n\t\t\t\t<div class=\"elementor-element elementor-element-07f856a dce_masking-none elementor-widget elementor-widget-image\" data-id=\"07f856a\" data-element_type=\"widget\" data-e-type=\"widget\" data-widget_type=\"image.default\">\n\t\t\t\t<div class=\"elementor-widget-container\">\n\t\t\t\t\t\t\t\t\t\t\t\t\t\t\t<img loading=\"lazy\" decoding=\"async\" width=\"2560\" height=\"1707\" src=\"https:\/\/baxcompany.com\/wp-content\/uploads\/2024\/05\/3-3.png\" class=\"attachment-full size-full wp-image-8932\" alt=\"\" srcset=\"https:\/\/baxcompany.com\/wp-content\/uploads\/2024\/05\/3-3.png 2560w, https:\/\/baxcompany.com\/wp-content\/uploads\/2024\/05\/3-3-300x200.png 300w, https:\/\/baxcompany.com\/wp-content\/uploads\/2024\/05\/3-3-1024x683.png 1024w, https:\/\/baxcompany.com\/wp-content\/uploads\/2024\/05\/3-3-768x512.png 768w, https:\/\/baxcompany.com\/wp-content\/uploads\/2024\/05\/3-3-1536x1024.png 1536w, https:\/\/baxcompany.com\/wp-content\/uploads\/2024\/05\/3-3-2048x1366.png 2048w\" sizes=\"(max-width: 2560px) 100vw, 2560px\" \/>\t\t\t\t\t\t\t\t\t\t\t\t\t\t\t<\/div>\n\t\t\t\t<\/div>\n\t\t\t\t\t<\/div>\n\t\t\t\t<\/div>\n\t\t<div class=\"elementor-element elementor-element-12f0d9c e-flex e-con-boxed e-con e-parent\" data-id=\"12f0d9c\" data-element_type=\"container\" data-e-type=\"container\">\n\t\t\t\t\t<div class=\"e-con-inner\">\n\t\t\t\t<div data-dce-text-color=\"#00B398\" class=\"elementor-element elementor-element-dd317f1 elementor-widget elementor-widget-text-editor\" data-id=\"dd317f1\" data-element_type=\"widget\" data-e-type=\"widget\" data-widget_type=\"text-editor.default\">\n\t\t\t\t<div class=\"elementor-widget-container\">\n\t\t\t\t\t\t\t\t\t<p>Prochaines \u00e9tapes dans le quartier de Bes\u00f2s<\/p>\n\t\t\t\t\t\t\t\t<\/div>\n\t\t\t\t<\/div>\n\t\t\t\t<div class=\"elementor-element elementor-element-822bb89 elementor-widget elementor-widget-text-editor\" data-id=\"822bb89\" data-element_type=\"widget\" data-e-type=\"widget\" data-widget_type=\"text-editor.default\">\n\t\t\t\t<div class=\"elementor-widget-container\">\n\t\t\t\t\t\t\t\t\t<p>\u00c0 la suite de la pr\u00e9sentation de l&rsquo;\u00e9tude, le conseil municipal de Barcelone int\u00e9grera la strat\u00e9gie 22+ dans son processus de planification.  <\/p>\n<p><strong>\u00ab\u00a0Nous sommes impatients de voir le quartier de l&rsquo;innovation du Bes\u00f2s grandir et se d\u00e9velopper au cours des prochaines d\u00e9cennies. Nous esp\u00e9rons que le d\u00e9veloppement du Bes\u00f2s incitera d&rsquo;autres villes \u00e0 s&rsquo;int\u00e9resser \u00e0 leurs propres r\u00e9gions industrielles, en montrant qu&rsquo;un am\u00e9nagement urbain soign\u00e9 peut placer la sant\u00e9 et la prosp\u00e9rit\u00e9 au c\u0153ur de tout projet de r\u00e9g\u00e9n\u00e9ration\u00a0\u00bb<\/strong>, a d\u00e9clar\u00e9 Sebastiaan van Herk.<\/p>\n\t\t\t\t\t\t\t\t<\/div>\n\t\t\t\t<\/div>\n\t\t\t\t\t<\/div>\n\t\t\t\t<\/div>\n\t\t<div class=\"elementor-element elementor-element-4f6a7d7 e-flex e-con-boxed e-con e-parent\" data-id=\"4f6a7d7\" data-element_type=\"container\" data-e-type=\"container\">\n\t\t\t\t\t<div class=\"e-con-inner\">\n\t\t\t\t<div data-dce-text-color=\"#00B398\" class=\"elementor-element elementor-element-e95394f elementor-widget elementor-widget-text-editor\" data-id=\"e95394f\" data-element_type=\"widget\" data-e-type=\"widget\" data-widget_type=\"text-editor.default\">\n\t\t\t\t<div class=\"elementor-widget-container\">\n\t\t\t\t\t\t\t\t\t<p>En savoir plus sur la revitalisation urbaine<\/p>\n\t\t\t\t\t\t\t\t<\/div>\n\t\t\t\t<\/div>\n\t\t\t\t<div class=\"elementor-element elementor-element-048da74 elementor-widget elementor-widget-text-editor\" data-id=\"048da74\" data-element_type=\"widget\" data-e-type=\"widget\" data-widget_type=\"text-editor.default\">\n\t\t\t\t<div class=\"elementor-widget-container\">\n\t\t\t\t\t\t\t\t\t<p>Si vous souhaitez en savoir plus sur l&rsquo;initiative strat\u00e9gique Bes\u00f2s 22+, contactez un membre de notre \u00e9quipe.<\/p>\n\t\t\t\t\t\t\t\t<\/div>\n\t\t\t\t<\/div>\n\t\t\t\t\t<\/div>\n\t\t\t\t<\/div>\n\t\t\t\t<\/div>\n\t\t","protected":false},"excerpt":{"rendered":"<p>Le conseil municipal de Barcelone a confi\u00e9 \u00e0 Bax l&rsquo;\u00e9laboration d&rsquo;une strat\u00e9gie de r\u00e9am\u00e9nagement urbain pour l&rsquo;un des plus grands districts industriels de la ville. Le quartier qui entoure la zone industrielle est l&rsquo;une des zones les plus d\u00e9favoris\u00e9es de Barcelone, avec une esp\u00e9rance de vie inf\u00e9rieure de 12 ans \u00e0 celle des quartiers plus [&hellip;]<\/p>\n","protected":false},"author":4,"featured_media":8877,"comment_status":"closed","ping_status":"closed","sticky":false,"template":"","format":"standard","meta":{"_acf_changed":false,"_monsterinsights_skip_tracking":false,"_monsterinsights_sitenote_active":false,"_monsterinsights_sitenote_note":"","_monsterinsights_sitenote_category":0,"_jetpack_memberships_contains_paid_content":false,"footnotes":""},"categories":[86,135],"tags":[395,121,394],"class_list":["post-8867","post","type-post","status-publish","format-standard","has-post-thumbnail","hentry","category-non-classifiee","category-perspectives","tag-nature-fr","tag-sante","tag-urbain"],"acf":[],"yoast_head":"<!-- This site is optimized with the Yoast SEO plugin v27.5 - https:\/\/yoast.com\/product\/yoast-seo-wordpress\/ -->\n<title>Revitaliser le quartier industriel de Bes\u00f2s \u00e0 Barcelone gr\u00e2ce \u00e0 un urbanisme sain - Bax<\/title>\n<meta name=\"description\" content=\"Le conseil municipal de Barcelone a confi\u00e9 \u00e0 Bax l&#039;\u00e9laboration d&#039;une strat\u00e9gie de r\u00e9am\u00e9nagement urbain pour l&#039;un des plus grands districts industriels de la ville. Le quartier qui entoure la zone industrielle est l&#039;une des zones les plus d\u00e9favoris\u00e9es de Barcelone, avec une esp\u00e9rance de vie inf\u00e9rieure de 12 ans \u00e0 celle des quartiers plus ais\u00e9s de la ville. Notre strat\u00e9gie imagine un quartier de l&#039;innovation qui offrira aux habitants et aux entreprises de Bes\u00f2s des emplois de haute qualit\u00e9, de nombreux espaces verts et des rues bien con\u00e7ues.\" \/>\n<meta name=\"robots\" content=\"index, follow, max-snippet:-1, max-image-preview:large, max-video-preview:-1\" \/>\n<link rel=\"canonical\" href=\"https:\/\/baxcompany.com\/fr\/bax-company-devient-bax-2\/\" \/>\n<meta property=\"og:locale\" content=\"fr_FR\" \/>\n<meta property=\"og:type\" content=\"article\" \/>\n<meta property=\"og:title\" content=\"Revitaliser le quartier industriel de Bes\u00f2s \u00e0 Barcelone gr\u00e2ce \u00e0 un urbanisme sain - Bax\" \/>\n<meta property=\"og:description\" content=\"Le conseil municipal de Barcelone a confi\u00e9 \u00e0 Bax l&#039;\u00e9laboration d&#039;une strat\u00e9gie de r\u00e9am\u00e9nagement urbain pour l&#039;un des plus grands districts industriels de la ville. Le quartier qui entoure la zone industrielle est l&#039;une des zones les plus d\u00e9favoris\u00e9es de Barcelone, avec une esp\u00e9rance de vie inf\u00e9rieure de 12 ans \u00e0 celle des quartiers plus ais\u00e9s de la ville. Notre strat\u00e9gie imagine un quartier de l&#039;innovation qui offrira aux habitants et aux entreprises de Bes\u00f2s des emplois de haute qualit\u00e9, de nombreux espaces verts et des rues bien con\u00e7ues.\" \/>\n<meta property=\"og:url\" content=\"https:\/\/baxcompany.com\/fr\/bax-company-devient-bax-2\/\" \/>\n<meta property=\"og:site_name\" content=\"Bax\" \/>\n<meta property=\"article:published_time\" content=\"2024-05-30T10:54:36+00:00\" \/>\n<meta property=\"article:modified_time\" content=\"2024-11-12T10:25:05+00:00\" \/>\n<meta property=\"og:image\" content=\"https:\/\/baxcompany.com\/wp-content\/uploads\/2024\/05\/istock-1265083635-1-scaled-1.jpg\" \/>\n\t<meta property=\"og:image:width\" content=\"2560\" \/>\n\t<meta property=\"og:image:height\" content=\"1705\" \/>\n\t<meta property=\"og:image:type\" content=\"image\/jpeg\" \/>\n<meta name=\"author\" content=\"Amy McCready\" \/>\n<meta name=\"twitter:card\" content=\"summary_large_image\" \/>\n<meta name=\"twitter:label1\" content=\"\u00c9crit par\" \/>\n\t<meta name=\"twitter:data1\" content=\"Amy McCready\" \/>\n\t<meta name=\"twitter:label2\" content=\"Dur\u00e9e de lecture estim\u00e9e\" \/>\n\t<meta name=\"twitter:data2\" content=\"9 minutes\" \/>\n<script type=\"application\/ld+json\" class=\"yoast-schema-graph\">{\"@context\":\"https:\\\/\\\/schema.org\",\"@graph\":[{\"@type\":\"Article\",\"@id\":\"https:\\\/\\\/baxcompany.com\\\/fr\\\/bax-company-devient-bax-2\\\/#article\",\"isPartOf\":{\"@id\":\"https:\\\/\\\/baxcompany.com\\\/fr\\\/bax-company-devient-bax-2\\\/\"},\"author\":{\"name\":\"Amy McCready\",\"@id\":\"https:\\\/\\\/baxcompany.com\\\/fr\\\/#\\\/schema\\\/person\\\/700b0fea733ef875bcfc2688a1e841d3\"},\"headline\":\"Revitaliser le quartier industriel de Bes\u00f2s \u00e0 Barcelone gr\u00e2ce \u00e0 un urbanisme sain\",\"datePublished\":\"2024-05-30T10:54:36+00:00\",\"dateModified\":\"2024-11-12T10:25:05+00:00\",\"mainEntityOfPage\":{\"@id\":\"https:\\\/\\\/baxcompany.com\\\/fr\\\/bax-company-devient-bax-2\\\/\"},\"wordCount\":1818,\"publisher\":{\"@id\":\"https:\\\/\\\/baxcompany.com\\\/fr\\\/#organization\"},\"image\":{\"@id\":\"https:\\\/\\\/baxcompany.com\\\/fr\\\/bax-company-devient-bax-2\\\/#primaryimage\"},\"thumbnailUrl\":\"https:\\\/\\\/baxcompany.com\\\/wp-content\\\/uploads\\\/2024\\\/05\\\/istock-1265083635-1-scaled-1.jpg\",\"keywords\":[\"Nature\",\"Sant\u00e9\",\"Urbain\"],\"articleSection\":[\"Non classifi\u00e9(e)\",\"Perspectives\"],\"inLanguage\":\"fr-FR\"},{\"@type\":\"WebPage\",\"@id\":\"https:\\\/\\\/baxcompany.com\\\/fr\\\/bax-company-devient-bax-2\\\/\",\"url\":\"https:\\\/\\\/baxcompany.com\\\/fr\\\/bax-company-devient-bax-2\\\/\",\"name\":\"Revitaliser le quartier industriel de Bes\u00f2s \u00e0 Barcelone gr\u00e2ce \u00e0 un urbanisme sain - Bax\",\"isPartOf\":{\"@id\":\"https:\\\/\\\/baxcompany.com\\\/fr\\\/#website\"},\"primaryImageOfPage\":{\"@id\":\"https:\\\/\\\/baxcompany.com\\\/fr\\\/bax-company-devient-bax-2\\\/#primaryimage\"},\"image\":{\"@id\":\"https:\\\/\\\/baxcompany.com\\\/fr\\\/bax-company-devient-bax-2\\\/#primaryimage\"},\"thumbnailUrl\":\"https:\\\/\\\/baxcompany.com\\\/wp-content\\\/uploads\\\/2024\\\/05\\\/istock-1265083635-1-scaled-1.jpg\",\"datePublished\":\"2024-05-30T10:54:36+00:00\",\"dateModified\":\"2024-11-12T10:25:05+00:00\",\"description\":\"Le conseil municipal de Barcelone a confi\u00e9 \u00e0 Bax l'\u00e9laboration d'une strat\u00e9gie de r\u00e9am\u00e9nagement urbain pour l'un des plus grands districts industriels de la ville. Le quartier qui entoure la zone industrielle est l'une des zones les plus d\u00e9favoris\u00e9es de Barcelone, avec une esp\u00e9rance de vie inf\u00e9rieure de 12 ans \u00e0 celle des quartiers plus ais\u00e9s de la ville. Notre strat\u00e9gie imagine un quartier de l'innovation qui offrira aux habitants et aux entreprises de Bes\u00f2s des emplois de haute qualit\u00e9, de nombreux espaces verts et des rues bien con\u00e7ues.\",\"breadcrumb\":{\"@id\":\"https:\\\/\\\/baxcompany.com\\\/fr\\\/bax-company-devient-bax-2\\\/#breadcrumb\"},\"inLanguage\":\"fr-FR\",\"potentialAction\":[{\"@type\":\"ReadAction\",\"target\":[\"https:\\\/\\\/baxcompany.com\\\/fr\\\/bax-company-devient-bax-2\\\/\"]}]},{\"@type\":\"ImageObject\",\"inLanguage\":\"fr-FR\",\"@id\":\"https:\\\/\\\/baxcompany.com\\\/fr\\\/bax-company-devient-bax-2\\\/#primaryimage\",\"url\":\"https:\\\/\\\/baxcompany.com\\\/wp-content\\\/uploads\\\/2024\\\/05\\\/istock-1265083635-1-scaled-1.jpg\",\"contentUrl\":\"https:\\\/\\\/baxcompany.com\\\/wp-content\\\/uploads\\\/2024\\\/05\\\/istock-1265083635-1-scaled-1.jpg\",\"width\":2560,\"height\":1705},{\"@type\":\"BreadcrumbList\",\"@id\":\"https:\\\/\\\/baxcompany.com\\\/fr\\\/bax-company-devient-bax-2\\\/#breadcrumb\",\"itemListElement\":[{\"@type\":\"ListItem\",\"position\":1,\"name\":\"Home\",\"item\":\"https:\\\/\\\/baxcompany.com\\\/fr\\\/home\\\/\"},{\"@type\":\"ListItem\",\"position\":2,\"name\":\"Revitaliser le quartier industriel de Bes\u00f2s \u00e0 Barcelone gr\u00e2ce \u00e0 un urbanisme sain\"}]},{\"@type\":\"WebSite\",\"@id\":\"https:\\\/\\\/baxcompany.com\\\/fr\\\/#website\",\"url\":\"https:\\\/\\\/baxcompany.com\\\/fr\\\/\",\"name\":\"Bax\",\"description\":\"Innovation consultancy specialising in pilots, funding and collaborations\",\"publisher\":{\"@id\":\"https:\\\/\\\/baxcompany.com\\\/fr\\\/#organization\"},\"potentialAction\":[{\"@type\":\"SearchAction\",\"target\":{\"@type\":\"EntryPoint\",\"urlTemplate\":\"https:\\\/\\\/baxcompany.com\\\/fr\\\/?s={search_term_string}\"},\"query-input\":{\"@type\":\"PropertyValueSpecification\",\"valueRequired\":true,\"valueName\":\"search_term_string\"}}],\"inLanguage\":\"fr-FR\"},{\"@type\":\"Organization\",\"@id\":\"https:\\\/\\\/baxcompany.com\\\/fr\\\/#organization\",\"name\":\"Bax\",\"url\":\"https:\\\/\\\/baxcompany.com\\\/fr\\\/\",\"logo\":{\"@type\":\"ImageObject\",\"inLanguage\":\"fr-FR\",\"@id\":\"https:\\\/\\\/baxcompany.com\\\/fr\\\/#\\\/schema\\\/logo\\\/image\\\/\",\"url\":\"https:\\\/\\\/baxcompany.com\\\/wp-content\\\/uploads\\\/2024\\\/05\\\/cropped-Bax-favicon.png\",\"contentUrl\":\"https:\\\/\\\/baxcompany.com\\\/wp-content\\\/uploads\\\/2024\\\/05\\\/cropped-Bax-favicon.png\",\"width\":512,\"height\":512,\"caption\":\"Bax\"},\"image\":{\"@id\":\"https:\\\/\\\/baxcompany.com\\\/fr\\\/#\\\/schema\\\/logo\\\/image\\\/\"}},{\"@type\":\"Person\",\"@id\":\"https:\\\/\\\/baxcompany.com\\\/fr\\\/#\\\/schema\\\/person\\\/700b0fea733ef875bcfc2688a1e841d3\",\"name\":\"Amy McCready\",\"url\":\"https:\\\/\\\/baxcompany.com\\\/fr\\\/author\\\/amc\\\/\"}]}<\/script>\n<!-- \/ Yoast SEO plugin. -->","yoast_head_json":{"title":"Revitaliser le quartier industriel de Bes\u00f2s \u00e0 Barcelone gr\u00e2ce \u00e0 un urbanisme sain - Bax","description":"Le conseil municipal de Barcelone a confi\u00e9 \u00e0 Bax l'\u00e9laboration d'une strat\u00e9gie de r\u00e9am\u00e9nagement urbain pour l'un des plus grands districts industriels de la ville. Le quartier qui entoure la zone industrielle est l'une des zones les plus d\u00e9favoris\u00e9es de Barcelone, avec une esp\u00e9rance de vie inf\u00e9rieure de 12 ans \u00e0 celle des quartiers plus ais\u00e9s de la ville. Notre strat\u00e9gie imagine un quartier de l'innovation qui offrira aux habitants et aux entreprises de Bes\u00f2s des emplois de haute qualit\u00e9, de nombreux espaces verts et des rues bien con\u00e7ues.","robots":{"index":"index","follow":"follow","max-snippet":"max-snippet:-1","max-image-preview":"max-image-preview:large","max-video-preview":"max-video-preview:-1"},"canonical":"https:\/\/baxcompany.com\/fr\/bax-company-devient-bax-2\/","og_locale":"fr_FR","og_type":"article","og_title":"Revitaliser le quartier industriel de Bes\u00f2s \u00e0 Barcelone gr\u00e2ce \u00e0 un urbanisme sain - Bax","og_description":"Le conseil municipal de Barcelone a confi\u00e9 \u00e0 Bax l'\u00e9laboration d'une strat\u00e9gie de r\u00e9am\u00e9nagement urbain pour l'un des plus grands districts industriels de la ville. Le quartier qui entoure la zone industrielle est l'une des zones les plus d\u00e9favoris\u00e9es de Barcelone, avec une esp\u00e9rance de vie inf\u00e9rieure de 12 ans \u00e0 celle des quartiers plus ais\u00e9s de la ville. Notre strat\u00e9gie imagine un quartier de l'innovation qui offrira aux habitants et aux entreprises de Bes\u00f2s des emplois de haute qualit\u00e9, de nombreux espaces verts et des rues bien con\u00e7ues.","og_url":"https:\/\/baxcompany.com\/fr\/bax-company-devient-bax-2\/","og_site_name":"Bax","article_published_time":"2024-05-30T10:54:36+00:00","article_modified_time":"2024-11-12T10:25:05+00:00","og_image":[{"width":2560,"height":1705,"url":"https:\/\/baxcompany.com\/wp-content\/uploads\/2024\/05\/istock-1265083635-1-scaled-1.jpg","type":"image\/jpeg"}],"author":"Amy McCready","twitter_card":"summary_large_image","twitter_misc":{"\u00c9crit par":"Amy McCready","Dur\u00e9e de lecture estim\u00e9e":"9 minutes"},"schema":{"@context":"https:\/\/schema.org","@graph":[{"@type":"Article","@id":"https:\/\/baxcompany.com\/fr\/bax-company-devient-bax-2\/#article","isPartOf":{"@id":"https:\/\/baxcompany.com\/fr\/bax-company-devient-bax-2\/"},"author":{"name":"Amy McCready","@id":"https:\/\/baxcompany.com\/fr\/#\/schema\/person\/700b0fea733ef875bcfc2688a1e841d3"},"headline":"Revitaliser le quartier industriel de Bes\u00f2s \u00e0 Barcelone gr\u00e2ce \u00e0 un urbanisme sain","datePublished":"2024-05-30T10:54:36+00:00","dateModified":"2024-11-12T10:25:05+00:00","mainEntityOfPage":{"@id":"https:\/\/baxcompany.com\/fr\/bax-company-devient-bax-2\/"},"wordCount":1818,"publisher":{"@id":"https:\/\/baxcompany.com\/fr\/#organization"},"image":{"@id":"https:\/\/baxcompany.com\/fr\/bax-company-devient-bax-2\/#primaryimage"},"thumbnailUrl":"https:\/\/baxcompany.com\/wp-content\/uploads\/2024\/05\/istock-1265083635-1-scaled-1.jpg","keywords":["Nature","Sant\u00e9","Urbain"],"articleSection":["Non classifi\u00e9(e)","Perspectives"],"inLanguage":"fr-FR"},{"@type":"WebPage","@id":"https:\/\/baxcompany.com\/fr\/bax-company-devient-bax-2\/","url":"https:\/\/baxcompany.com\/fr\/bax-company-devient-bax-2\/","name":"Revitaliser le quartier industriel de Bes\u00f2s \u00e0 Barcelone gr\u00e2ce \u00e0 un urbanisme sain - Bax","isPartOf":{"@id":"https:\/\/baxcompany.com\/fr\/#website"},"primaryImageOfPage":{"@id":"https:\/\/baxcompany.com\/fr\/bax-company-devient-bax-2\/#primaryimage"},"image":{"@id":"https:\/\/baxcompany.com\/fr\/bax-company-devient-bax-2\/#primaryimage"},"thumbnailUrl":"https:\/\/baxcompany.com\/wp-content\/uploads\/2024\/05\/istock-1265083635-1-scaled-1.jpg","datePublished":"2024-05-30T10:54:36+00:00","dateModified":"2024-11-12T10:25:05+00:00","description":"Le conseil municipal de Barcelone a confi\u00e9 \u00e0 Bax l'\u00e9laboration d'une strat\u00e9gie de r\u00e9am\u00e9nagement urbain pour l'un des plus grands districts industriels de la ville. Le quartier qui entoure la zone industrielle est l'une des zones les plus d\u00e9favoris\u00e9es de Barcelone, avec une esp\u00e9rance de vie inf\u00e9rieure de 12 ans \u00e0 celle des quartiers plus ais\u00e9s de la ville. Notre strat\u00e9gie imagine un quartier de l'innovation qui offrira aux habitants et aux entreprises de Bes\u00f2s des emplois de haute qualit\u00e9, de nombreux espaces verts et des rues bien con\u00e7ues.","breadcrumb":{"@id":"https:\/\/baxcompany.com\/fr\/bax-company-devient-bax-2\/#breadcrumb"},"inLanguage":"fr-FR","potentialAction":[{"@type":"ReadAction","target":["https:\/\/baxcompany.com\/fr\/bax-company-devient-bax-2\/"]}]},{"@type":"ImageObject","inLanguage":"fr-FR","@id":"https:\/\/baxcompany.com\/fr\/bax-company-devient-bax-2\/#primaryimage","url":"https:\/\/baxcompany.com\/wp-content\/uploads\/2024\/05\/istock-1265083635-1-scaled-1.jpg","contentUrl":"https:\/\/baxcompany.com\/wp-content\/uploads\/2024\/05\/istock-1265083635-1-scaled-1.jpg","width":2560,"height":1705},{"@type":"BreadcrumbList","@id":"https:\/\/baxcompany.com\/fr\/bax-company-devient-bax-2\/#breadcrumb","itemListElement":[{"@type":"ListItem","position":1,"name":"Home","item":"https:\/\/baxcompany.com\/fr\/home\/"},{"@type":"ListItem","position":2,"name":"Revitaliser le quartier industriel de Bes\u00f2s \u00e0 Barcelone gr\u00e2ce \u00e0 un urbanisme sain"}]},{"@type":"WebSite","@id":"https:\/\/baxcompany.com\/fr\/#website","url":"https:\/\/baxcompany.com\/fr\/","name":"Bax","description":"Innovation consultancy specialising in pilots, funding and collaborations","publisher":{"@id":"https:\/\/baxcompany.com\/fr\/#organization"},"potentialAction":[{"@type":"SearchAction","target":{"@type":"EntryPoint","urlTemplate":"https:\/\/baxcompany.com\/fr\/?s={search_term_string}"},"query-input":{"@type":"PropertyValueSpecification","valueRequired":true,"valueName":"search_term_string"}}],"inLanguage":"fr-FR"},{"@type":"Organization","@id":"https:\/\/baxcompany.com\/fr\/#organization","name":"Bax","url":"https:\/\/baxcompany.com\/fr\/","logo":{"@type":"ImageObject","inLanguage":"fr-FR","@id":"https:\/\/baxcompany.com\/fr\/#\/schema\/logo\/image\/","url":"https:\/\/baxcompany.com\/wp-content\/uploads\/2024\/05\/cropped-Bax-favicon.png","contentUrl":"https:\/\/baxcompany.com\/wp-content\/uploads\/2024\/05\/cropped-Bax-favicon.png","width":512,"height":512,"caption":"Bax"},"image":{"@id":"https:\/\/baxcompany.com\/fr\/#\/schema\/logo\/image\/"}},{"@type":"Person","@id":"https:\/\/baxcompany.com\/fr\/#\/schema\/person\/700b0fea733ef875bcfc2688a1e841d3","name":"Amy McCready","url":"https:\/\/baxcompany.com\/fr\/author\/amc\/"}]}},"jetpack_featured_media_url":"https:\/\/baxcompany.com\/wp-content\/uploads\/2024\/05\/istock-1265083635-1-scaled-1.jpg","jetpack_sharing_enabled":true,"_links":{"self":[{"href":"https:\/\/baxcompany.com\/fr\/wp-json\/wp\/v2\/posts\/8867","targetHints":{"allow":["GET"]}}],"collection":[{"href":"https:\/\/baxcompany.com\/fr\/wp-json\/wp\/v2\/posts"}],"about":[{"href":"https:\/\/baxcompany.com\/fr\/wp-json\/wp\/v2\/types\/post"}],"author":[{"embeddable":true,"href":"https:\/\/baxcompany.com\/fr\/wp-json\/wp\/v2\/users\/4"}],"replies":[{"embeddable":true,"href":"https:\/\/baxcompany.com\/fr\/wp-json\/wp\/v2\/comments?post=8867"}],"version-history":[{"count":12,"href":"https:\/\/baxcompany.com\/fr\/wp-json\/wp\/v2\/posts\/8867\/revisions"}],"predecessor-version":[{"id":12499,"href":"https:\/\/baxcompany.com\/fr\/wp-json\/wp\/v2\/posts\/8867\/revisions\/12499"}],"wp:featuredmedia":[{"embeddable":true,"href":"https:\/\/baxcompany.com\/fr\/wp-json\/wp\/v2\/media\/8877"}],"wp:attachment":[{"href":"https:\/\/baxcompany.com\/fr\/wp-json\/wp\/v2\/media?parent=8867"}],"wp:term":[{"taxonomy":"category","embeddable":true,"href":"https:\/\/baxcompany.com\/fr\/wp-json\/wp\/v2\/categories?post=8867"},{"taxonomy":"post_tag","embeddable":true,"href":"https:\/\/baxcompany.com\/fr\/wp-json\/wp\/v2\/tags?post=8867"}],"curies":[{"name":"wp","href":"https:\/\/api.w.org\/{rel}","templated":true}]}}